{"id":1435,"date":"2019-08-29T21:01:04","date_gmt":"2019-08-29T20:01:04","guid":{"rendered":"http:\/\/ratmed.org\/?p=1435"},"modified":"2019-08-29T21:01:04","modified_gmt":"2019-08-29T20:01:04","slug":"polskie-towarzystwo-ratownikow-medycznych-po-spotkaniu-z-wiceministrem-zdrowia-panem-dr-waldemarem-kraska","status":"publish","type":"post","link":"https:\/\/ratmed.org\/index.php\/2019\/08\/29\/polskie-towarzystwo-ratownikow-medycznych-po-spotkaniu-z-wiceministrem-zdrowia-panem-dr-waldemarem-kraska\/","title":{"rendered":"Polskie Towarzystwo Ratownik\u00f3w Medycznych po spotkaniu z Wiceministrem Zdrowia Panem dr Waldemarem Krask\u0105."},"content":{"rendered":"<p>W dniu 28 sierpnia 2019 r. Polskie Towarzystwo Ratownik\u00f3w Medycznych wzi\u0119\u0142o udzia\u0142 w spotkaniu z Wiceministrem Zdrowia Panem dr Waldemarem Krask\u0105. Spotkanie mia\u0142o miejsce w Ministerstwie Zdrowia.<\/p>\n<p>W trakcie spotkania om\u00f3wiono bie\u017c\u0105ce problemy \u015brodowiska ratownik\u00f3w medycznych, oczekiwania naszej grupy zawodowej oraz niezrealizowane obietnice.<br \/>\nPrzedstawili\u015bmy nowemu Wiceministrowi nasze stanowisko dotycz\u0105ce oczekiwania w podniesieniu presti\u017cu zawodu, ugruntowaniu jego pozycji na rynku zawod\u00f3w medycznych, poprzez wprowadzenie ustawy o zawodzie ratownika medycznego oraz samorz\u0105dzie zawodowym. Zaakcentowali\u015bmy<br \/>\nkonieczno\u015b\u0107 wprowadzenia \u015bcie\u017cki kariery, rozwoju zawodowego i naukowego, a przede wszystkim wzrostu i urealnienia poziomu wynagrodzenia.<\/p>\n<p>Podnie\u015bli\u015bmy aspekt tego by o zawodzie ratownika medycznego decydowa\u0142o samo \u015brodowisko ratownik\u00f3w medycznych. Obecnie obserwujemy, \u017ce o naszym zawodzie pr\u00f3buj\u0105 decydowa\u0107, a niejednokrotnie maj\u0105 bardzo du\u017cy wp\u0142yw r\u00f3\u017cne \u015brodowiska. St\u0105d te\u017c postulowali\u015bmy do Pana Wiceministra o powo\u0142anie konsultanta krajowego w dziedzinie ratownictwa medycznego.<br \/>\nNiestety nie uzyskali\u015bmy poparcia tej inicjatywy przez dyrekcj\u0119 departamentu ratownictwa. Niemniej jednak uwa\u017camy i to wyartyku\u0142owali\u015bmy jasno, \u017ce przepisy nale\u017cy dostosowa\u0107 do potrzeb \u015brodowiska a nie stwarza\u0107 kolejne bariery w tym zakresie.<\/p>\n<p>Wyrazili\u015bmy r\u00f3wnie\u017c sprzeciw wobec pomys\u0142u by Lotnicze Pogotowie Ratunkowe by\u0142o jedynym organizatorem doskonalenia zawodowego ratownik\u00f3w medycznych, tak jak zosta\u0142o to zaplanowane dla grupy dyspozytor\u00f3w medycznych.<br \/>\nPan Wiceminister z uwagi na swoje praktyczne do\u015bwiadczenie pracy w systemie ratownictwa medycznego, bardzo dobrze orientuje si\u0119 w jego problemach. St\u0105d pok\u0142adamy du\u017ce nadzieje, na skuteczno\u015b\u0107 Pana Wiceministra w realizacji postulat\u00f3w naszej grupy zawodowej. Tak\u0105 te\u017c obietnice otrzymali\u015bmy.<\/p>\n<p>Jednocze\u015bnie z uwagi na liczne zapytania, kt\u00f3re p\u0142yn\u0105 od ratownik\u00f3w medycznych pracuj\u0105cych w ro\u017cnych miejscach systemu ochrony zdrowia, nasze Towarzystwo zapewnia, \u017ce prowadz\u0105c dyskusj\u0119 o naszym zawodzie pami\u0119ta o wszystkich ratownikach medycznych. Jednak podkre\u015bli\u0107 nale\u017cy, \u017ce najwa\u017cniejszym obszarem, w kt\u00f3rym zatrudnienie znajduje ratownik medyczny jest system ratownictwa medycznego z wszystkimi kom\u00f3rkami kt\u00f3re go tworz\u0105.<br \/>\nNasze Towarzystwo kolejny raz\u00a0 zadeklarowa\u0142o wol\u0119 merytorycznej wsp\u00f3\u0142pracy.<\/p>\n<div class=\"yj6qo\"><\/div>\n<div class=\"adL\"><\/div>\n","protected":false},"excerpt":{"rendered":"<p>W dniu 28 sierpnia 2019 r. Polskie Towarzystwo Ratownik\u00f3w Medycznych wzi\u0119\u0142o udzia\u0142 w spotkaniu z Wiceministrem Zdrowia Panem dr Waldemarem [&hellip;]<\/p>\n","protected":false},"author":1,"featured_media":857,"comment_status":"open","ping_status":"open","sticky":false,"template":"","format":"standard","meta":{"footnotes":"","_links_to":"","_links_to_target":""},"categories":[1],"tags":[],"class_list":["post-1435","post","type-post","status-publish","format-standard","has-post-thumbnail","hentry","category-uncategorized"],"yoast_head":"<!-- This site is optimized with the Yoast SEO plugin v27.5 - https:\/\/yoast.com\/product\/yoast-seo-wordpress\/ -->\n<title>Polskie Towarzystwo Ratownik\u00f3w Medycznych po spotkaniu z Wiceministrem Zdrowia Panem dr Waldemarem Krask\u0105. -<\/title>\n<meta name=\"robots\" content=\"index, follow, max-snippet:-1, max-image-preview:large, max-video-preview:-1\" \/>\n<link rel=\"canonical\" href=\"https:\/\/ratmed.org\/index.php\/2019\/08\/29\/polskie-towarzystwo-ratownikow-medycznych-po-spotkaniu-z-wiceministrem-zdrowia-panem-dr-waldemarem-kraska\/\" \/>\n<meta property=\"og:locale\" content=\"pl_PL\" \/>\n<meta property=\"og:type\" content=\"article\" \/>\n<meta property=\"og:title\" content=\"Polskie Towarzystwo Ratownik\u00f3w Medycznych po spotkaniu z Wiceministrem Zdrowia Panem dr Waldemarem Krask\u0105. -\" \/>\n<meta property=\"og:description\" content=\"W dniu 28 sierpnia 2019 r. Polskie Towarzystwo Ratownik\u00f3w Medycznych wzi\u0119\u0142o udzia\u0142 w spotkaniu z Wiceministrem Zdrowia Panem dr Waldemarem [&hellip;]\" \/>\n<meta property=\"og:url\" content=\"https:\/\/ratmed.org\/index.php\/2019\/08\/29\/polskie-towarzystwo-ratownikow-medycznych-po-spotkaniu-z-wiceministrem-zdrowia-panem-dr-waldemarem-kraska\/\" \/>\n<meta property=\"article:author\" content=\"https:\/\/web.facebook.com\/Polskie-Towarzystwo-Ratownikw-Medycznych-128583367841533\/\" \/>\n<meta property=\"article:published_time\" content=\"2019-08-29T20:01:04+00:00\" \/>\n<meta property=\"og:image\" content=\"https:\/\/ratmed.org\/wp-content\/uploads\/2018\/07\/MZ.jpg\" \/>\n\t<meta property=\"og:image:width\" content=\"300\" \/>\n\t<meta property=\"og:image:height\" content=\"168\" \/>\n\t<meta property=\"og:image:type\" content=\"image\/jpeg\" \/>\n<meta name=\"author\" content=\"szafir6\" \/>\n<meta name=\"twitter:card\" content=\"summary_large_image\" \/>\n<meta name=\"twitter:label1\" content=\"Napisane przez\" \/>\n\t<meta name=\"twitter:data1\" content=\"szafir6\" \/>\n\t<meta name=\"twitter:label2\" content=\"Szacowany czas czytania\" \/>\n\t<meta name=\"twitter:data2\" content=\"2 minuty\" \/>\n<script type=\"application\/ld+json\" class=\"yoast-schema-graph\">{\"@context\":\"https:\\\/\\\/schema.org\",\"@graph\":[{\"@type\":\"Article\",\"@id\":\"https:\\\/\\\/ratmed.org\\\/index.php\\\/2019\\\/08\\\/29\\\/polskie-towarzystwo-ratownikow-medycznych-po-spotkaniu-z-wiceministrem-zdrowia-panem-dr-waldemarem-kraska\\\/#article\",\"isPartOf\":{\"@id\":\"https:\\\/\\\/ratmed.org\\\/index.php\\\/2019\\\/08\\\/29\\\/polskie-towarzystwo-ratownikow-medycznych-po-spotkaniu-z-wiceministrem-zdrowia-panem-dr-waldemarem-kraska\\\/\"},\"author\":{\"name\":\"szafir6\",\"@id\":\"https:\\\/\\\/ratmed.org\\\/#\\\/schema\\\/person\\\/2803219621d75b7faebffd3898ea5816\"},\"headline\":\"Polskie Towarzystwo Ratownik\u00f3w Medycznych po spotkaniu z Wiceministrem Zdrowia Panem dr Waldemarem Krask\u0105.\",\"datePublished\":\"2019-08-29T20:01:04+00:00\",\"mainEntityOfPage\":{\"@id\":\"https:\\\/\\\/ratmed.org\\\/index.php\\\/2019\\\/08\\\/29\\\/polskie-towarzystwo-ratownikow-medycznych-po-spotkaniu-z-wiceministrem-zdrowia-panem-dr-waldemarem-kraska\\\/\"},\"wordCount\":358,\"commentCount\":0,\"image\":{\"@id\":\"https:\\\/\\\/ratmed.org\\\/index.php\\\/2019\\\/08\\\/29\\\/polskie-towarzystwo-ratownikow-medycznych-po-spotkaniu-z-wiceministrem-zdrowia-panem-dr-waldemarem-kraska\\\/#primaryimage\"},\"thumbnailUrl\":\"https:\\\/\\\/ratmed.org\\\/wp-content\\\/uploads\\\/2018\\\/07\\\/MZ.jpg\",\"articleSection\":[\"Uncategorized\"],\"inLanguage\":\"pl-PL\",\"potentialAction\":[{\"@type\":\"CommentAction\",\"name\":\"Comment\",\"target\":[\"https:\\\/\\\/ratmed.org\\\/index.php\\\/2019\\\/08\\\/29\\\/polskie-towarzystwo-ratownikow-medycznych-po-spotkaniu-z-wiceministrem-zdrowia-panem-dr-waldemarem-kraska\\\/#respond\"]}]},{\"@type\":\"WebPage\",\"@id\":\"https:\\\/\\\/ratmed.org\\\/index.php\\\/2019\\\/08\\\/29\\\/polskie-towarzystwo-ratownikow-medycznych-po-spotkaniu-z-wiceministrem-zdrowia-panem-dr-waldemarem-kraska\\\/\",\"url\":\"https:\\\/\\\/ratmed.org\\\/index.php\\\/2019\\\/08\\\/29\\\/polskie-towarzystwo-ratownikow-medycznych-po-spotkaniu-z-wiceministrem-zdrowia-panem-dr-waldemarem-kraska\\\/\",\"name\":\"Polskie Towarzystwo Ratownik\u00f3w Medycznych po spotkaniu z Wiceministrem Zdrowia Panem dr Waldemarem Krask\u0105. -\",\"isPartOf\":{\"@id\":\"https:\\\/\\\/ratmed.org\\\/#website\"},\"primaryImageOfPage\":{\"@id\":\"https:\\\/\\\/ratmed.org\\\/index.php\\\/2019\\\/08\\\/29\\\/polskie-towarzystwo-ratownikow-medycznych-po-spotkaniu-z-wiceministrem-zdrowia-panem-dr-waldemarem-kraska\\\/#primaryimage\"},\"image\":{\"@id\":\"https:\\\/\\\/ratmed.org\\\/index.php\\\/2019\\\/08\\\/29\\\/polskie-towarzystwo-ratownikow-medycznych-po-spotkaniu-z-wiceministrem-zdrowia-panem-dr-waldemarem-kraska\\\/#primaryimage\"},\"thumbnailUrl\":\"https:\\\/\\\/ratmed.org\\\/wp-content\\\/uploads\\\/2018\\\/07\\\/MZ.jpg\",\"datePublished\":\"2019-08-29T20:01:04+00:00\",\"author\":{\"@id\":\"https:\\\/\\\/ratmed.org\\\/#\\\/schema\\\/person\\\/2803219621d75b7faebffd3898ea5816\"},\"breadcrumb\":{\"@id\":\"https:\\\/\\\/ratmed.org\\\/index.php\\\/2019\\\/08\\\/29\\\/polskie-towarzystwo-ratownikow-medycznych-po-spotkaniu-z-wiceministrem-zdrowia-panem-dr-waldemarem-kraska\\\/#breadcrumb\"},\"inLanguage\":\"pl-PL\",\"potentialAction\":[{\"@type\":\"ReadAction\",\"target\":[\"https:\\\/\\\/ratmed.org\\\/index.php\\\/2019\\\/08\\\/29\\\/polskie-towarzystwo-ratownikow-medycznych-po-spotkaniu-z-wiceministrem-zdrowia-panem-dr-waldemarem-kraska\\\/\"]}]},{\"@type\":\"ImageObject\",\"inLanguage\":\"pl-PL\",\"@id\":\"https:\\\/\\\/ratmed.org\\\/index.php\\\/2019\\\/08\\\/29\\\/polskie-towarzystwo-ratownikow-medycznych-po-spotkaniu-z-wiceministrem-zdrowia-panem-dr-waldemarem-kraska\\\/#primaryimage\",\"url\":\"https:\\\/\\\/ratmed.org\\\/wp-content\\\/uploads\\\/2018\\\/07\\\/MZ.jpg\",\"contentUrl\":\"https:\\\/\\\/ratmed.org\\\/wp-content\\\/uploads\\\/2018\\\/07\\\/MZ.jpg\",\"width\":300,\"height\":168},{\"@type\":\"BreadcrumbList\",\"@id\":\"https:\\\/\\\/ratmed.org\\\/index.php\\\/2019\\\/08\\\/29\\\/polskie-towarzystwo-ratownikow-medycznych-po-spotkaniu-z-wiceministrem-zdrowia-panem-dr-waldemarem-kraska\\\/#breadcrumb\",\"itemListElement\":[{\"@type\":\"ListItem\",\"position\":1,\"name\":\"Strona g\u0142\u00f3wna\",\"item\":\"https:\\\/\\\/ratmed.org\\\/\"},{\"@type\":\"ListItem\",\"position\":2,\"name\":\"Polskie Towarzystwo Ratownik\u00f3w Medycznych po spotkaniu z Wiceministrem Zdrowia Panem dr Waldemarem Krask\u0105.\"}]},{\"@type\":\"WebSite\",\"@id\":\"https:\\\/\\\/ratmed.org\\\/#website\",\"url\":\"https:\\\/\\\/ratmed.org\\\/\",\"name\":\"\",\"description\":\"Polskie Towarzystwo Ratownik\u00f3w Medycznych\",\"potentialAction\":[{\"@type\":\"SearchAction\",\"target\":{\"@type\":\"EntryPoint\",\"urlTemplate\":\"https:\\\/\\\/ratmed.org\\\/?s={search_term_string}\"},\"query-input\":{\"@type\":\"PropertyValueSpecification\",\"valueRequired\":true,\"valueName\":\"search_term_string\"}}],\"inLanguage\":\"pl-PL\"},{\"@type\":\"Person\",\"@id\":\"https:\\\/\\\/ratmed.org\\\/#\\\/schema\\\/person\\\/2803219621d75b7faebffd3898ea5816\",\"name\":\"szafir6\",\"image\":{\"@type\":\"ImageObject\",\"inLanguage\":\"pl-PL\",\"@id\":\"https:\\\/\\\/secure.gravatar.com\\\/avatar\\\/ba97dfecbcb5570ce62cccf7417ed5b625624478a61981e9c13c85867ff92d83?s=96&d=mm&r=g\",\"url\":\"https:\\\/\\\/secure.gravatar.com\\\/avatar\\\/ba97dfecbcb5570ce62cccf7417ed5b625624478a61981e9c13c85867ff92d83?s=96&d=mm&r=g\",\"contentUrl\":\"https:\\\/\\\/secure.gravatar.com\\\/avatar\\\/ba97dfecbcb5570ce62cccf7417ed5b625624478a61981e9c13c85867ff92d83?s=96&d=mm&r=g\",\"caption\":\"szafir6\"},\"sameAs\":[\"https:\\\/\\\/web.facebook.com\\\/Polskie-Towarzystwo-Ratownikw-Medycznych-128583367841533\\\/\"],\"url\":\"https:\\\/\\\/ratmed.org\\\/index.php\\\/author\\\/admin8617\\\/\"}]}<\/script>\n<!-- \/ Yoast SEO plugin. -->","yoast_head_json":{"title":"Polskie Towarzystwo Ratownik\u00f3w Medycznych po spotkaniu z Wiceministrem Zdrowia Panem dr Waldemarem Krask\u0105. -","robots":{"index":"index","follow":"follow","max-snippet":"max-snippet:-1","max-image-preview":"max-image-preview:large","max-video-preview":"max-video-preview:-1"},"canonical":"https:\/\/ratmed.org\/index.php\/2019\/08\/29\/polskie-towarzystwo-ratownikow-medycznych-po-spotkaniu-z-wiceministrem-zdrowia-panem-dr-waldemarem-kraska\/","og_locale":"pl_PL","og_type":"article","og_title":"Polskie Towarzystwo Ratownik\u00f3w Medycznych po spotkaniu z Wiceministrem Zdrowia Panem dr Waldemarem Krask\u0105. -","og_description":"W dniu 28 sierpnia 2019 r. Polskie Towarzystwo Ratownik\u00f3w Medycznych wzi\u0119\u0142o udzia\u0142 w spotkaniu z Wiceministrem Zdrowia Panem dr Waldemarem [&hellip;]","og_url":"https:\/\/ratmed.org\/index.php\/2019\/08\/29\/polskie-towarzystwo-ratownikow-medycznych-po-spotkaniu-z-wiceministrem-zdrowia-panem-dr-waldemarem-kraska\/","article_author":"https:\/\/web.facebook.com\/Polskie-Towarzystwo-Ratownikw-Medycznych-128583367841533\/","article_published_time":"2019-08-29T20:01:04+00:00","og_image":[{"width":300,"height":168,"url":"https:\/\/ratmed.org\/wp-content\/uploads\/2018\/07\/MZ.jpg","type":"image\/jpeg"}],"author":"szafir6","twitter_card":"summary_large_image","twitter_misc":{"Napisane przez":"szafir6","Szacowany czas czytania":"2 minuty"},"schema":{"@context":"https:\/\/schema.org","@graph":[{"@type":"Article","@id":"https:\/\/ratmed.org\/index.php\/2019\/08\/29\/polskie-towarzystwo-ratownikow-medycznych-po-spotkaniu-z-wiceministrem-zdrowia-panem-dr-waldemarem-kraska\/#article","isPartOf":{"@id":"https:\/\/ratmed.org\/index.php\/2019\/08\/29\/polskie-towarzystwo-ratownikow-medycznych-po-spotkaniu-z-wiceministrem-zdrowia-panem-dr-waldemarem-kraska\/"},"author":{"name":"szafir6","@id":"https:\/\/ratmed.org\/#\/schema\/person\/2803219621d75b7faebffd3898ea5816"},"headline":"Polskie Towarzystwo Ratownik\u00f3w Medycznych po spotkaniu z Wiceministrem Zdrowia Panem dr Waldemarem Krask\u0105.","datePublished":"2019-08-29T20:01:04+00:00","mainEntityOfPage":{"@id":"https:\/\/ratmed.org\/index.php\/2019\/08\/29\/polskie-towarzystwo-ratownikow-medycznych-po-spotkaniu-z-wiceministrem-zdrowia-panem-dr-waldemarem-kraska\/"},"wordCount":358,"commentCount":0,"image":{"@id":"https:\/\/ratmed.org\/index.php\/2019\/08\/29\/polskie-towarzystwo-ratownikow-medycznych-po-spotkaniu-z-wiceministrem-zdrowia-panem-dr-waldemarem-kraska\/#primaryimage"},"thumbnailUrl":"https:\/\/ratmed.org\/wp-content\/uploads\/2018\/07\/MZ.jpg","articleSection":["Uncategorized"],"inLanguage":"pl-PL","potentialAction":[{"@type":"CommentAction","name":"Comment","target":["https:\/\/ratmed.org\/index.php\/2019\/08\/29\/polskie-towarzystwo-ratownikow-medycznych-po-spotkaniu-z-wiceministrem-zdrowia-panem-dr-waldemarem-kraska\/#respond"]}]},{"@type":"WebPage","@id":"https:\/\/ratmed.org\/index.php\/2019\/08\/29\/polskie-towarzystwo-ratownikow-medycznych-po-spotkaniu-z-wiceministrem-zdrowia-panem-dr-waldemarem-kraska\/","url":"https:\/\/ratmed.org\/index.php\/2019\/08\/29\/polskie-towarzystwo-ratownikow-medycznych-po-spotkaniu-z-wiceministrem-zdrowia-panem-dr-waldemarem-kraska\/","name":"Polskie Towarzystwo Ratownik\u00f3w Medycznych po spotkaniu z Wiceministrem Zdrowia Panem dr Waldemarem Krask\u0105. -","isPartOf":{"@id":"https:\/\/ratmed.org\/#website"},"primaryImageOfPage":{"@id":"https:\/\/ratmed.org\/index.php\/2019\/08\/29\/polskie-towarzystwo-ratownikow-medycznych-po-spotkaniu-z-wiceministrem-zdrowia-panem-dr-waldemarem-kraska\/#primaryimage"},"image":{"@id":"https:\/\/ratmed.org\/index.php\/2019\/08\/29\/polskie-towarzystwo-ratownikow-medycznych-po-spotkaniu-z-wiceministrem-zdrowia-panem-dr-waldemarem-kraska\/#primaryimage"},"thumbnailUrl":"https:\/\/ratmed.org\/wp-content\/uploads\/2018\/07\/MZ.jpg","datePublished":"2019-08-29T20:01:04+00:00","author":{"@id":"https:\/\/ratmed.org\/#\/schema\/person\/2803219621d75b7faebffd3898ea5816"},"breadcrumb":{"@id":"https:\/\/ratmed.org\/index.php\/2019\/08\/29\/polskie-towarzystwo-ratownikow-medycznych-po-spotkaniu-z-wiceministrem-zdrowia-panem-dr-waldemarem-kraska\/#breadcrumb"},"inLanguage":"pl-PL","potentialAction":[{"@type":"ReadAction","target":["https:\/\/ratmed.org\/index.php\/2019\/08\/29\/polskie-towarzystwo-ratownikow-medycznych-po-spotkaniu-z-wiceministrem-zdrowia-panem-dr-waldemarem-kraska\/"]}]},{"@type":"ImageObject","inLanguage":"pl-PL","@id":"https:\/\/ratmed.org\/index.php\/2019\/08\/29\/polskie-towarzystwo-ratownikow-medycznych-po-spotkaniu-z-wiceministrem-zdrowia-panem-dr-waldemarem-kraska\/#primaryimage","url":"https:\/\/ratmed.org\/wp-content\/uploads\/2018\/07\/MZ.jpg","contentUrl":"https:\/\/ratmed.org\/wp-content\/uploads\/2018\/07\/MZ.jpg","width":300,"height":168},{"@type":"BreadcrumbList","@id":"https:\/\/ratmed.org\/index.php\/2019\/08\/29\/polskie-towarzystwo-ratownikow-medycznych-po-spotkaniu-z-wiceministrem-zdrowia-panem-dr-waldemarem-kraska\/#breadcrumb","itemListElement":[{"@type":"ListItem","position":1,"name":"Strona g\u0142\u00f3wna","item":"https:\/\/ratmed.org\/"},{"@type":"ListItem","position":2,"name":"Polskie Towarzystwo Ratownik\u00f3w Medycznych po spotkaniu z Wiceministrem Zdrowia Panem dr Waldemarem Krask\u0105."}]},{"@type":"WebSite","@id":"https:\/\/ratmed.org\/#website","url":"https:\/\/ratmed.org\/","name":"","description":"Polskie Towarzystwo Ratownik\u00f3w Medycznych","potentialAction":[{"@type":"SearchAction","target":{"@type":"EntryPoint","urlTemplate":"https:\/\/ratmed.org\/?s={search_term_string}"},"query-input":{"@type":"PropertyValueSpecification","valueRequired":true,"valueName":"search_term_string"}}],"inLanguage":"pl-PL"},{"@type":"Person","@id":"https:\/\/ratmed.org\/#\/schema\/person\/2803219621d75b7faebffd3898ea5816","name":"szafir6","image":{"@type":"ImageObject","inLanguage":"pl-PL","@id":"https:\/\/secure.gravatar.com\/avatar\/ba97dfecbcb5570ce62cccf7417ed5b625624478a61981e9c13c85867ff92d83?s=96&d=mm&r=g","url":"https:\/\/secure.gravatar.com\/avatar\/ba97dfecbcb5570ce62cccf7417ed5b625624478a61981e9c13c85867ff92d83?s=96&d=mm&r=g","contentUrl":"https:\/\/secure.gravatar.com\/avatar\/ba97dfecbcb5570ce62cccf7417ed5b625624478a61981e9c13c85867ff92d83?s=96&d=mm&r=g","caption":"szafir6"},"sameAs":["https:\/\/web.facebook.com\/Polskie-Towarzystwo-Ratownikw-Medycznych-128583367841533\/"],"url":"https:\/\/ratmed.org\/index.php\/author\/admin8617\/"}]}},"_links":{"self":[{"href":"https:\/\/ratmed.org\/index.php\/wp-json\/wp\/v2\/posts\/1435","targetHints":{"allow":["GET"]}}],"collection":[{"href":"https:\/\/ratmed.org\/index.php\/wp-json\/wp\/v2\/posts"}],"about":[{"href":"https:\/\/ratmed.org\/index.php\/wp-json\/wp\/v2\/types\/post"}],"author":[{"embeddable":true,"href":"https:\/\/ratmed.org\/index.php\/wp-json\/wp\/v2\/users\/1"}],"replies":[{"embeddable":true,"href":"https:\/\/ratmed.org\/index.php\/wp-json\/wp\/v2\/comments?post=1435"}],"version-history":[{"count":1,"href":"https:\/\/ratmed.org\/index.php\/wp-json\/wp\/v2\/posts\/1435\/revisions"}],"predecessor-version":[{"id":1436,"href":"https:\/\/ratmed.org\/index.php\/wp-json\/wp\/v2\/posts\/1435\/revisions\/1436"}],"wp:featuredmedia":[{"embeddable":true,"href":"https:\/\/ratmed.org\/index.php\/wp-json\/wp\/v2\/media\/857"}],"wp:attachment":[{"href":"https:\/\/ratmed.org\/index.php\/wp-json\/wp\/v2\/media?parent=1435"}],"wp:term":[{"taxonomy":"category","embeddable":true,"href":"https:\/\/ratmed.org\/index.php\/wp-json\/wp\/v2\/categories?post=1435"},{"taxonomy":"post_tag","embeddable":true,"href":"https:\/\/ratmed.org\/index.php\/wp-json\/wp\/v2\/tags?post=1435"}],"curies":[{"name":"wp","href":"https:\/\/api.w.org\/{rel}","templated":true}]}}