{"id":1874,"date":"2020-08-04T11:14:04","date_gmt":"2020-08-04T10:14:04","guid":{"rendered":"https:\/\/ratmed.org\/?p=1874"},"modified":"2020-08-04T11:17:10","modified_gmt":"2020-08-04T10:17:10","slug":"spotkanie-z-rzecznikiem-praw-obywatelskich","status":"publish","type":"post","link":"https:\/\/ratmed.org\/index.php\/2020\/08\/04\/spotkanie-z-rzecznikiem-praw-obywatelskich\/","title":{"rendered":"Spotkanie z Rzecznikiem Praw Obywatelskich"},"content":{"rendered":"<p><img loading=\"lazy\" decoding=\"async\" class=\" wp-image-609 alignleft\" src=\"https:\/\/ratmed.org\/wp-content\/uploads\/2018\/01\/Sprzeciw.jpg\" alt=\"\" width=\"183\" height=\"122\" \/>Czas pandemii SARS \u2013 CoV &#8211; 2, kt\u00f3rego do\u015bwiadczamy wszyscy jako spo\u0142ecze\u0144stwo ale w szczeg\u00f3lno\u015bci jako pracownicy ochrony zdrowia spowodowa\u0142 r\u00f3wnie\u017c spowolnienie dzia\u0142a\u0144 w zakresie prac nad uwarunkowaniami prawnymi zawodu ratownika medycznego. Jednak taka sytuacja nie mo\u017ce trwa\u0107 permanentnie.<\/p>\n<p>Nasze Towarzystwo wyst\u0119powa\u0142o do Ministra Zdrowia z zapytaniem dotycz\u0105cym terminu realizacji prac nad ustaw\u0105 o zawodzie ratownika medycznego i samorz\u0105dzie zawodowym ratownik\u00f3w medycznych. Niestety, mo\u017cna by stwierdzi\u0107, \u017ce standardowo \u2013 Minister Zdrowia milczy. Resort zdrowia r\u00f3wnie\u017c nie wyra\u017ca ch\u0119ci spotkania w sprawach tak wa\u017cnych dla naszego \u015brodowiska.<\/p>\n<p>St\u0105d 1 sierpnia Prezes Zarz\u0105du G\u0142\u00f3wnego PTRM spotka\u0142 si\u0119 w Warszawie z Rzecznikiem Praw Obywatelskich. Zdecydowali\u015bmy si\u0119 zg\u0142osi\u0107 do Urz\u0119du Rzecznika nasze postulaty i przekaza\u0107 informacj\u0119 o zaniepokojeniu \u015brodowiska ratownik\u00f3w medycznych przewlek\u0142o\u015bci\u0105 prac nad nasz\u0105 ustaw\u0105.<\/p>\n<p>Rzecznik Praw Obywatelskich bardzo uwa\u017cnie wys\u0142ucha\u0142 wszystkich informacji i uznaj\u0105c zasadno\u015b\u0107 naszych oczekiwa\u0144, zadeklarowa\u0142 wsparcie \u015brodowiska ratowniczego w zabieganiu o w\u0142a\u015bciw\u0105 regulacj\u0119 zawodu. Jednocze\u015bnie na tym spotkaniu podj\u0119to wsp\u00f3\u0142prac\u0119 z kom\u00f3rkami Rzecznika Praw Obywatelskich, kt\u00f3re b\u0119d\u0105 w sta\u0142ym kontakcie z naszym Towarzystwem aby w lepszy spos\u00f3b pilotowa\u0107 w procesie legislacji nasze sprawy.<\/p>\n","protected":false},"excerpt":{"rendered":"<p>Czas pandemii SARS \u2013 CoV &#8211; 2, kt\u00f3rego do\u015bwiadczamy wszyscy jako spo\u0142ecze\u0144stwo ale w szczeg\u00f3lno\u015bci jako pracownicy ochrony zdrowia spowodowa\u0142 [&hellip;]<\/p>\n","protected":false},"author":1,"featured_media":1875,"comment_status":"open","ping_status":"open","sticky":false,"template":"","format":"standard","meta":{"footnotes":"","_links_to":"","_links_to_target":""},"categories":[1],"tags":[],"class_list":["post-1874","post","type-post","status-publish","format-standard","has-post-thumbnail","hentry","category-uncategorized"],"yoast_head":"<!-- This site is optimized with the Yoast SEO plugin v27.5 - https:\/\/yoast.com\/product\/yoast-seo-wordpress\/ -->\n<title>Spotkanie z Rzecznikiem Praw Obywatelskich -<\/title>\n<meta name=\"robots\" content=\"index, follow, max-snippet:-1, max-image-preview:large, max-video-preview:-1\" \/>\n<link rel=\"canonical\" href=\"https:\/\/ratmed.org\/index.php\/2020\/08\/04\/spotkanie-z-rzecznikiem-praw-obywatelskich\/\" \/>\n<meta property=\"og:locale\" content=\"pl_PL\" \/>\n<meta property=\"og:type\" content=\"article\" \/>\n<meta property=\"og:title\" content=\"Spotkanie z Rzecznikiem Praw Obywatelskich -\" \/>\n<meta property=\"og:description\" content=\"Czas pandemii SARS \u2013 CoV &#8211; 2, kt\u00f3rego do\u015bwiadczamy wszyscy jako spo\u0142ecze\u0144stwo ale w szczeg\u00f3lno\u015bci jako pracownicy ochrony zdrowia spowodowa\u0142 [&hellip;]\" \/>\n<meta property=\"og:url\" content=\"https:\/\/ratmed.org\/index.php\/2020\/08\/04\/spotkanie-z-rzecznikiem-praw-obywatelskich\/\" \/>\n<meta property=\"article:author\" content=\"https:\/\/web.facebook.com\/Polskie-Towarzystwo-Ratownikw-Medycznych-128583367841533\/\" \/>\n<meta property=\"article:published_time\" content=\"2020-08-04T10:14:04+00:00\" \/>\n<meta property=\"article:modified_time\" content=\"2020-08-04T10:17:10+00:00\" \/>\n<meta property=\"og:image\" content=\"https:\/\/ratmed.org\/wp-content\/uploads\/2020\/08\/RPO2.jpg\" \/>\n\t<meta property=\"og:image:width\" content=\"606\" \/>\n\t<meta property=\"og:image:height\" content=\"332\" \/>\n\t<meta property=\"og:image:type\" content=\"image\/jpeg\" \/>\n<meta name=\"author\" content=\"szafir6\" \/>\n<meta name=\"twitter:card\" content=\"summary_large_image\" \/>\n<meta name=\"twitter:label1\" content=\"Napisane przez\" \/>\n\t<meta name=\"twitter:data1\" content=\"szafir6\" \/>\n\t<meta name=\"twitter:label2\" content=\"Szacowany czas czytania\" \/>\n\t<meta name=\"twitter:data2\" content=\"1 minuta\" \/>\n<script type=\"application\/ld+json\" class=\"yoast-schema-graph\">{\"@context\":\"https:\\\/\\\/schema.org\",\"@graph\":[{\"@type\":\"Article\",\"@id\":\"https:\\\/\\\/ratmed.org\\\/index.php\\\/2020\\\/08\\\/04\\\/spotkanie-z-rzecznikiem-praw-obywatelskich\\\/#article\",\"isPartOf\":{\"@id\":\"https:\\\/\\\/ratmed.org\\\/index.php\\\/2020\\\/08\\\/04\\\/spotkanie-z-rzecznikiem-praw-obywatelskich\\\/\"},\"author\":{\"name\":\"szafir6\",\"@id\":\"https:\\\/\\\/ratmed.org\\\/#\\\/schema\\\/person\\\/2803219621d75b7faebffd3898ea5816\"},\"headline\":\"Spotkanie z Rzecznikiem Praw Obywatelskich\",\"datePublished\":\"2020-08-04T10:14:04+00:00\",\"dateModified\":\"2020-08-04T10:17:10+00:00\",\"mainEntityOfPage\":{\"@id\":\"https:\\\/\\\/ratmed.org\\\/index.php\\\/2020\\\/08\\\/04\\\/spotkanie-z-rzecznikiem-praw-obywatelskich\\\/\"},\"wordCount\":216,\"commentCount\":0,\"image\":{\"@id\":\"https:\\\/\\\/ratmed.org\\\/index.php\\\/2020\\\/08\\\/04\\\/spotkanie-z-rzecznikiem-praw-obywatelskich\\\/#primaryimage\"},\"thumbnailUrl\":\"https:\\\/\\\/ratmed.org\\\/wp-content\\\/uploads\\\/2020\\\/08\\\/RPO2.jpg\",\"articleSection\":[\"Uncategorized\"],\"inLanguage\":\"pl-PL\",\"potentialAction\":[{\"@type\":\"CommentAction\",\"name\":\"Comment\",\"target\":[\"https:\\\/\\\/ratmed.org\\\/index.php\\\/2020\\\/08\\\/04\\\/spotkanie-z-rzecznikiem-praw-obywatelskich\\\/#respond\"]}]},{\"@type\":\"WebPage\",\"@id\":\"https:\\\/\\\/ratmed.org\\\/index.php\\\/2020\\\/08\\\/04\\\/spotkanie-z-rzecznikiem-praw-obywatelskich\\\/\",\"url\":\"https:\\\/\\\/ratmed.org\\\/index.php\\\/2020\\\/08\\\/04\\\/spotkanie-z-rzecznikiem-praw-obywatelskich\\\/\",\"name\":\"Spotkanie z Rzecznikiem Praw Obywatelskich -\",\"isPartOf\":{\"@id\":\"https:\\\/\\\/ratmed.org\\\/#website\"},\"primaryImageOfPage\":{\"@id\":\"https:\\\/\\\/ratmed.org\\\/index.php\\\/2020\\\/08\\\/04\\\/spotkanie-z-rzecznikiem-praw-obywatelskich\\\/#primaryimage\"},\"image\":{\"@id\":\"https:\\\/\\\/ratmed.org\\\/index.php\\\/2020\\\/08\\\/04\\\/spotkanie-z-rzecznikiem-praw-obywatelskich\\\/#primaryimage\"},\"thumbnailUrl\":\"https:\\\/\\\/ratmed.org\\\/wp-content\\\/uploads\\\/2020\\\/08\\\/RPO2.jpg\",\"datePublished\":\"2020-08-04T10:14:04+00:00\",\"dateModified\":\"2020-08-04T10:17:10+00:00\",\"author\":{\"@id\":\"https:\\\/\\\/ratmed.org\\\/#\\\/schema\\\/person\\\/2803219621d75b7faebffd3898ea5816\"},\"breadcrumb\":{\"@id\":\"https:\\\/\\\/ratmed.org\\\/index.php\\\/2020\\\/08\\\/04\\\/spotkanie-z-rzecznikiem-praw-obywatelskich\\\/#breadcrumb\"},\"inLanguage\":\"pl-PL\",\"potentialAction\":[{\"@type\":\"ReadAction\",\"target\":[\"https:\\\/\\\/ratmed.org\\\/index.php\\\/2020\\\/08\\\/04\\\/spotkanie-z-rzecznikiem-praw-obywatelskich\\\/\"]}]},{\"@type\":\"ImageObject\",\"inLanguage\":\"pl-PL\",\"@id\":\"https:\\\/\\\/ratmed.org\\\/index.php\\\/2020\\\/08\\\/04\\\/spotkanie-z-rzecznikiem-praw-obywatelskich\\\/#primaryimage\",\"url\":\"https:\\\/\\\/ratmed.org\\\/wp-content\\\/uploads\\\/2020\\\/08\\\/RPO2.jpg\",\"contentUrl\":\"https:\\\/\\\/ratmed.org\\\/wp-content\\\/uploads\\\/2020\\\/08\\\/RPO2.jpg\",\"width\":606,\"height\":332},{\"@type\":\"BreadcrumbList\",\"@id\":\"https:\\\/\\\/ratmed.org\\\/index.php\\\/2020\\\/08\\\/04\\\/spotkanie-z-rzecznikiem-praw-obywatelskich\\\/#breadcrumb\",\"itemListElement\":[{\"@type\":\"ListItem\",\"position\":1,\"name\":\"Strona g\u0142\u00f3wna\",\"item\":\"https:\\\/\\\/ratmed.org\\\/\"},{\"@type\":\"ListItem\",\"position\":2,\"name\":\"Spotkanie z Rzecznikiem Praw Obywatelskich\"}]},{\"@type\":\"WebSite\",\"@id\":\"https:\\\/\\\/ratmed.org\\\/#website\",\"url\":\"https:\\\/\\\/ratmed.org\\\/\",\"name\":\"\",\"description\":\"Polskie Towarzystwo Ratownik\u00f3w Medycznych\",\"potentialAction\":[{\"@type\":\"SearchAction\",\"target\":{\"@type\":\"EntryPoint\",\"urlTemplate\":\"https:\\\/\\\/ratmed.org\\\/?s={search_term_string}\"},\"query-input\":{\"@type\":\"PropertyValueSpecification\",\"valueRequired\":true,\"valueName\":\"search_term_string\"}}],\"inLanguage\":\"pl-PL\"},{\"@type\":\"Person\",\"@id\":\"https:\\\/\\\/ratmed.org\\\/#\\\/schema\\\/person\\\/2803219621d75b7faebffd3898ea5816\",\"name\":\"szafir6\",\"image\":{\"@type\":\"ImageObject\",\"inLanguage\":\"pl-PL\",\"@id\":\"https:\\\/\\\/secure.gravatar.com\\\/avatar\\\/ba97dfecbcb5570ce62cccf7417ed5b625624478a61981e9c13c85867ff92d83?s=96&d=mm&r=g\",\"url\":\"https:\\\/\\\/secure.gravatar.com\\\/avatar\\\/ba97dfecbcb5570ce62cccf7417ed5b625624478a61981e9c13c85867ff92d83?s=96&d=mm&r=g\",\"contentUrl\":\"https:\\\/\\\/secure.gravatar.com\\\/avatar\\\/ba97dfecbcb5570ce62cccf7417ed5b625624478a61981e9c13c85867ff92d83?s=96&d=mm&r=g\",\"caption\":\"szafir6\"},\"sameAs\":[\"https:\\\/\\\/web.facebook.com\\\/Polskie-Towarzystwo-Ratownikw-Medycznych-128583367841533\\\/\"],\"url\":\"https:\\\/\\\/ratmed.org\\\/index.php\\\/author\\\/admin8617\\\/\"}]}<\/script>\n<!-- \/ Yoast SEO plugin. -->","yoast_head_json":{"title":"Spotkanie z Rzecznikiem Praw Obywatelskich -","robots":{"index":"index","follow":"follow","max-snippet":"max-snippet:-1","max-image-preview":"max-image-preview:large","max-video-preview":"max-video-preview:-1"},"canonical":"https:\/\/ratmed.org\/index.php\/2020\/08\/04\/spotkanie-z-rzecznikiem-praw-obywatelskich\/","og_locale":"pl_PL","og_type":"article","og_title":"Spotkanie z Rzecznikiem Praw Obywatelskich -","og_description":"Czas pandemii SARS \u2013 CoV &#8211; 2, kt\u00f3rego do\u015bwiadczamy wszyscy jako spo\u0142ecze\u0144stwo ale w szczeg\u00f3lno\u015bci jako pracownicy ochrony zdrowia spowodowa\u0142 [&hellip;]","og_url":"https:\/\/ratmed.org\/index.php\/2020\/08\/04\/spotkanie-z-rzecznikiem-praw-obywatelskich\/","article_author":"https:\/\/web.facebook.com\/Polskie-Towarzystwo-Ratownikw-Medycznych-128583367841533\/","article_published_time":"2020-08-04T10:14:04+00:00","article_modified_time":"2020-08-04T10:17:10+00:00","og_image":[{"width":606,"height":332,"url":"https:\/\/ratmed.org\/wp-content\/uploads\/2020\/08\/RPO2.jpg","type":"image\/jpeg"}],"author":"szafir6","twitter_card":"summary_large_image","twitter_misc":{"Napisane przez":"szafir6","Szacowany czas czytania":"1 minuta"},"schema":{"@context":"https:\/\/schema.org","@graph":[{"@type":"Article","@id":"https:\/\/ratmed.org\/index.php\/2020\/08\/04\/spotkanie-z-rzecznikiem-praw-obywatelskich\/#article","isPartOf":{"@id":"https:\/\/ratmed.org\/index.php\/2020\/08\/04\/spotkanie-z-rzecznikiem-praw-obywatelskich\/"},"author":{"name":"szafir6","@id":"https:\/\/ratmed.org\/#\/schema\/person\/2803219621d75b7faebffd3898ea5816"},"headline":"Spotkanie z Rzecznikiem Praw Obywatelskich","datePublished":"2020-08-04T10:14:04+00:00","dateModified":"2020-08-04T10:17:10+00:00","mainEntityOfPage":{"@id":"https:\/\/ratmed.org\/index.php\/2020\/08\/04\/spotkanie-z-rzecznikiem-praw-obywatelskich\/"},"wordCount":216,"commentCount":0,"image":{"@id":"https:\/\/ratmed.org\/index.php\/2020\/08\/04\/spotkanie-z-rzecznikiem-praw-obywatelskich\/#primaryimage"},"thumbnailUrl":"https:\/\/ratmed.org\/wp-content\/uploads\/2020\/08\/RPO2.jpg","articleSection":["Uncategorized"],"inLanguage":"pl-PL","potentialAction":[{"@type":"CommentAction","name":"Comment","target":["https:\/\/ratmed.org\/index.php\/2020\/08\/04\/spotkanie-z-rzecznikiem-praw-obywatelskich\/#respond"]}]},{"@type":"WebPage","@id":"https:\/\/ratmed.org\/index.php\/2020\/08\/04\/spotkanie-z-rzecznikiem-praw-obywatelskich\/","url":"https:\/\/ratmed.org\/index.php\/2020\/08\/04\/spotkanie-z-rzecznikiem-praw-obywatelskich\/","name":"Spotkanie z Rzecznikiem Praw Obywatelskich -","isPartOf":{"@id":"https:\/\/ratmed.org\/#website"},"primaryImageOfPage":{"@id":"https:\/\/ratmed.org\/index.php\/2020\/08\/04\/spotkanie-z-rzecznikiem-praw-obywatelskich\/#primaryimage"},"image":{"@id":"https:\/\/ratmed.org\/index.php\/2020\/08\/04\/spotkanie-z-rzecznikiem-praw-obywatelskich\/#primaryimage"},"thumbnailUrl":"https:\/\/ratmed.org\/wp-content\/uploads\/2020\/08\/RPO2.jpg","datePublished":"2020-08-04T10:14:04+00:00","dateModified":"2020-08-04T10:17:10+00:00","author":{"@id":"https:\/\/ratmed.org\/#\/schema\/person\/2803219621d75b7faebffd3898ea5816"},"breadcrumb":{"@id":"https:\/\/ratmed.org\/index.php\/2020\/08\/04\/spotkanie-z-rzecznikiem-praw-obywatelskich\/#breadcrumb"},"inLanguage":"pl-PL","potentialAction":[{"@type":"ReadAction","target":["https:\/\/ratmed.org\/index.php\/2020\/08\/04\/spotkanie-z-rzecznikiem-praw-obywatelskich\/"]}]},{"@type":"ImageObject","inLanguage":"pl-PL","@id":"https:\/\/ratmed.org\/index.php\/2020\/08\/04\/spotkanie-z-rzecznikiem-praw-obywatelskich\/#primaryimage","url":"https:\/\/ratmed.org\/wp-content\/uploads\/2020\/08\/RPO2.jpg","contentUrl":"https:\/\/ratmed.org\/wp-content\/uploads\/2020\/08\/RPO2.jpg","width":606,"height":332},{"@type":"BreadcrumbList","@id":"https:\/\/ratmed.org\/index.php\/2020\/08\/04\/spotkanie-z-rzecznikiem-praw-obywatelskich\/#breadcrumb","itemListElement":[{"@type":"ListItem","position":1,"name":"Strona g\u0142\u00f3wna","item":"https:\/\/ratmed.org\/"},{"@type":"ListItem","position":2,"name":"Spotkanie z Rzecznikiem Praw Obywatelskich"}]},{"@type":"WebSite","@id":"https:\/\/ratmed.org\/#website","url":"https:\/\/ratmed.org\/","name":"","description":"Polskie Towarzystwo Ratownik\u00f3w Medycznych","potentialAction":[{"@type":"SearchAction","target":{"@type":"EntryPoint","urlTemplate":"https:\/\/ratmed.org\/?s={search_term_string}"},"query-input":{"@type":"PropertyValueSpecification","valueRequired":true,"valueName":"search_term_string"}}],"inLanguage":"pl-PL"},{"@type":"Person","@id":"https:\/\/ratmed.org\/#\/schema\/person\/2803219621d75b7faebffd3898ea5816","name":"szafir6","image":{"@type":"ImageObject","inLanguage":"pl-PL","@id":"https:\/\/secure.gravatar.com\/avatar\/ba97dfecbcb5570ce62cccf7417ed5b625624478a61981e9c13c85867ff92d83?s=96&d=mm&r=g","url":"https:\/\/secure.gravatar.com\/avatar\/ba97dfecbcb5570ce62cccf7417ed5b625624478a61981e9c13c85867ff92d83?s=96&d=mm&r=g","contentUrl":"https:\/\/secure.gravatar.com\/avatar\/ba97dfecbcb5570ce62cccf7417ed5b625624478a61981e9c13c85867ff92d83?s=96&d=mm&r=g","caption":"szafir6"},"sameAs":["https:\/\/web.facebook.com\/Polskie-Towarzystwo-Ratownikw-Medycznych-128583367841533\/"],"url":"https:\/\/ratmed.org\/index.php\/author\/admin8617\/"}]}},"_links":{"self":[{"href":"https:\/\/ratmed.org\/index.php\/wp-json\/wp\/v2\/posts\/1874","targetHints":{"allow":["GET"]}}],"collection":[{"href":"https:\/\/ratmed.org\/index.php\/wp-json\/wp\/v2\/posts"}],"about":[{"href":"https:\/\/ratmed.org\/index.php\/wp-json\/wp\/v2\/types\/post"}],"author":[{"embeddable":true,"href":"https:\/\/ratmed.org\/index.php\/wp-json\/wp\/v2\/users\/1"}],"replies":[{"embeddable":true,"href":"https:\/\/ratmed.org\/index.php\/wp-json\/wp\/v2\/comments?post=1874"}],"version-history":[{"count":3,"href":"https:\/\/ratmed.org\/index.php\/wp-json\/wp\/v2\/posts\/1874\/revisions"}],"predecessor-version":[{"id":1879,"href":"https:\/\/ratmed.org\/index.php\/wp-json\/wp\/v2\/posts\/1874\/revisions\/1879"}],"wp:featuredmedia":[{"embeddable":true,"href":"https:\/\/ratmed.org\/index.php\/wp-json\/wp\/v2\/media\/1875"}],"wp:attachment":[{"href":"https:\/\/ratmed.org\/index.php\/wp-json\/wp\/v2\/media?parent=1874"}],"wp:term":[{"taxonomy":"category","embeddable":true,"href":"https:\/\/ratmed.org\/index.php\/wp-json\/wp\/v2\/categories?post=1874"},{"taxonomy":"post_tag","embeddable":true,"href":"https:\/\/ratmed.org\/index.php\/wp-json\/wp\/v2\/tags?post=1874"}],"curies":[{"name":"wp","href":"https:\/\/api.w.org\/{rel}","templated":true}]}}