{"id":1889,"date":"2020-08-18T22:00:48","date_gmt":"2020-08-18T21:00:48","guid":{"rendered":"https:\/\/ratmed.org\/?p=1889"},"modified":"2020-08-19T14:51:42","modified_gmt":"2020-08-19T13:51:42","slug":"ratownicy-medyczni-nieusatysfakcjonowani-rzadami-szumowskiego","status":"publish","type":"post","link":"https:\/\/ratmed.org\/index.php\/2020\/08\/18\/ratownicy-medyczni-nieusatysfakcjonowani-rzadami-szumowskiego\/","title":{"rendered":"Rezygnacja ministra Szumowskiego, ustawa le\u017cy &#8230;"},"content":{"rendered":"<p>By\u0142y dyskusje, by\u0142o obietnice, nie zmieni\u0142o si\u0119 nic. Ratownicy medyczni rz\u0105dy Szumowskiego oceniaj\u0105 \u017ale i czekaj\u0105 na rozmowy z jego nast\u0119pc\u0105.<br \/>\nZ punktu widzenia ratownik\u00f3w medycznych, pan minister si\u0119 nie sprawdzi\u0142 &#8211; ocenia w rozmowie z money.pl Jaros\u0142aw Madowicz, prezes Polskiego Towarzystwa Ratownik\u00f3w Medycznych. &#8211; Ustawa, o kt\u00f3r\u0105 tak zabiegali\u015bmy, nie zosta\u0142a przyj\u0119ta, wyl\u0105dowa\u0142a w zamra\u017carce i nie wiadomo, czy w og\u00f3le kiedy\u015b jej temat wr\u00f3ci.<\/p>\n<p>Wi\u0119cej na: <a href=\"https:\/\/www.money.pl\/gospodarka\/dymisja-szumowskiego-ratownicy-medyczni-minister-sie-nie-sprawdzil-6544475481868928a.html\">https:\/\/www.money.pl\/gospodarka\/dymisja-szumowskiego-ratownicy-medyczni-minister-sie-nie-sprawdzil-6544475481868928a.html<\/a><\/p>\n","protected":false},"excerpt":{"rendered":"<p>By\u0142y dyskusje, by\u0142o obietnice, nie zmieni\u0142o si\u0119 nic. Ratownicy medyczni rz\u0105dy Szumowskiego oceniaj\u0105 \u017ale i czekaj\u0105 na rozmowy z jego [&hellip;]<\/p>\n","protected":false},"author":1,"featured_media":857,"comment_status":"open","ping_status":"open","sticky":false,"template":"","format":"standard","meta":{"footnotes":"","_links_to":"","_links_to_target":""},"categories":[1],"tags":[],"class_list":["post-1889","post","type-post","status-publish","format-standard","has-post-thumbnail","hentry","category-uncategorized"],"yoast_head":"<!-- This site is optimized with the Yoast SEO plugin v27.5 - https:\/\/yoast.com\/product\/yoast-seo-wordpress\/ -->\n<title>Rezygnacja ministra Szumowskiego, ustawa le\u017cy ... -<\/title>\n<meta name=\"robots\" content=\"index, follow, max-snippet:-1, max-image-preview:large, max-video-preview:-1\" \/>\n<link rel=\"canonical\" href=\"https:\/\/ratmed.org\/index.php\/2020\/08\/18\/ratownicy-medyczni-nieusatysfakcjonowani-rzadami-szumowskiego\/\" \/>\n<meta property=\"og:locale\" content=\"pl_PL\" \/>\n<meta property=\"og:type\" content=\"article\" \/>\n<meta property=\"og:title\" content=\"Rezygnacja ministra Szumowskiego, ustawa le\u017cy ... -\" \/>\n<meta property=\"og:description\" content=\"By\u0142y dyskusje, by\u0142o obietnice, nie zmieni\u0142o si\u0119 nic. Ratownicy medyczni rz\u0105dy Szumowskiego oceniaj\u0105 \u017ale i czekaj\u0105 na rozmowy z jego [&hellip;]\" \/>\n<meta property=\"og:url\" content=\"https:\/\/ratmed.org\/index.php\/2020\/08\/18\/ratownicy-medyczni-nieusatysfakcjonowani-rzadami-szumowskiego\/\" \/>\n<meta property=\"article:author\" content=\"https:\/\/web.facebook.com\/Polskie-Towarzystwo-Ratownikw-Medycznych-128583367841533\/\" \/>\n<meta property=\"article:published_time\" content=\"2020-08-18T21:00:48+00:00\" \/>\n<meta property=\"article:modified_time\" content=\"2020-08-19T13:51:42+00:00\" \/>\n<meta property=\"og:image\" content=\"https:\/\/ratmed.org\/wp-content\/uploads\/2018\/07\/MZ.jpg\" \/>\n\t<meta property=\"og:image:width\" content=\"300\" \/>\n\t<meta property=\"og:image:height\" content=\"168\" \/>\n\t<meta property=\"og:image:type\" content=\"image\/jpeg\" \/>\n<meta name=\"author\" content=\"szafir6\" \/>\n<meta name=\"twitter:card\" content=\"summary_large_image\" \/>\n<meta name=\"twitter:label1\" content=\"Napisane przez\" \/>\n\t<meta name=\"twitter:data1\" content=\"szafir6\" \/>\n<script type=\"application\/ld+json\" class=\"yoast-schema-graph\">{\"@context\":\"https:\\\/\\\/schema.org\",\"@graph\":[{\"@type\":\"Article\",\"@id\":\"https:\\\/\\\/ratmed.org\\\/index.php\\\/2020\\\/08\\\/18\\\/ratownicy-medyczni-nieusatysfakcjonowani-rzadami-szumowskiego\\\/#article\",\"isPartOf\":{\"@id\":\"https:\\\/\\\/ratmed.org\\\/index.php\\\/2020\\\/08\\\/18\\\/ratownicy-medyczni-nieusatysfakcjonowani-rzadami-szumowskiego\\\/\"},\"author\":{\"name\":\"szafir6\",\"@id\":\"https:\\\/\\\/ratmed.org\\\/#\\\/schema\\\/person\\\/2803219621d75b7faebffd3898ea5816\"},\"headline\":\"Rezygnacja ministra Szumowskiego, ustawa le\u017cy &#8230;\",\"datePublished\":\"2020-08-18T21:00:48+00:00\",\"dateModified\":\"2020-08-19T13:51:42+00:00\",\"mainEntityOfPage\":{\"@id\":\"https:\\\/\\\/ratmed.org\\\/index.php\\\/2020\\\/08\\\/18\\\/ratownicy-medyczni-nieusatysfakcjonowani-rzadami-szumowskiego\\\/\"},\"wordCount\":101,\"commentCount\":0,\"image\":{\"@id\":\"https:\\\/\\\/ratmed.org\\\/index.php\\\/2020\\\/08\\\/18\\\/ratownicy-medyczni-nieusatysfakcjonowani-rzadami-szumowskiego\\\/#primaryimage\"},\"thumbnailUrl\":\"https:\\\/\\\/ratmed.org\\\/wp-content\\\/uploads\\\/2018\\\/07\\\/MZ.jpg\",\"articleSection\":[\"Uncategorized\"],\"inLanguage\":\"pl-PL\",\"potentialAction\":[{\"@type\":\"CommentAction\",\"name\":\"Comment\",\"target\":[\"https:\\\/\\\/ratmed.org\\\/index.php\\\/2020\\\/08\\\/18\\\/ratownicy-medyczni-nieusatysfakcjonowani-rzadami-szumowskiego\\\/#respond\"]}]},{\"@type\":\"WebPage\",\"@id\":\"https:\\\/\\\/ratmed.org\\\/index.php\\\/2020\\\/08\\\/18\\\/ratownicy-medyczni-nieusatysfakcjonowani-rzadami-szumowskiego\\\/\",\"url\":\"https:\\\/\\\/ratmed.org\\\/index.php\\\/2020\\\/08\\\/18\\\/ratownicy-medyczni-nieusatysfakcjonowani-rzadami-szumowskiego\\\/\",\"name\":\"Rezygnacja ministra Szumowskiego, ustawa le\u017cy ... -\",\"isPartOf\":{\"@id\":\"https:\\\/\\\/ratmed.org\\\/#website\"},\"primaryImageOfPage\":{\"@id\":\"https:\\\/\\\/ratmed.org\\\/index.php\\\/2020\\\/08\\\/18\\\/ratownicy-medyczni-nieusatysfakcjonowani-rzadami-szumowskiego\\\/#primaryimage\"},\"image\":{\"@id\":\"https:\\\/\\\/ratmed.org\\\/index.php\\\/2020\\\/08\\\/18\\\/ratownicy-medyczni-nieusatysfakcjonowani-rzadami-szumowskiego\\\/#primaryimage\"},\"thumbnailUrl\":\"https:\\\/\\\/ratmed.org\\\/wp-content\\\/uploads\\\/2018\\\/07\\\/MZ.jpg\",\"datePublished\":\"2020-08-18T21:00:48+00:00\",\"dateModified\":\"2020-08-19T13:51:42+00:00\",\"author\":{\"@id\":\"https:\\\/\\\/ratmed.org\\\/#\\\/schema\\\/person\\\/2803219621d75b7faebffd3898ea5816\"},\"breadcrumb\":{\"@id\":\"https:\\\/\\\/ratmed.org\\\/index.php\\\/2020\\\/08\\\/18\\\/ratownicy-medyczni-nieusatysfakcjonowani-rzadami-szumowskiego\\\/#breadcrumb\"},\"inLanguage\":\"pl-PL\",\"potentialAction\":[{\"@type\":\"ReadAction\",\"target\":[\"https:\\\/\\\/ratmed.org\\\/index.php\\\/2020\\\/08\\\/18\\\/ratownicy-medyczni-nieusatysfakcjonowani-rzadami-szumowskiego\\\/\"]}]},{\"@type\":\"ImageObject\",\"inLanguage\":\"pl-PL\",\"@id\":\"https:\\\/\\\/ratmed.org\\\/index.php\\\/2020\\\/08\\\/18\\\/ratownicy-medyczni-nieusatysfakcjonowani-rzadami-szumowskiego\\\/#primaryimage\",\"url\":\"https:\\\/\\\/ratmed.org\\\/wp-content\\\/uploads\\\/2018\\\/07\\\/MZ.jpg\",\"contentUrl\":\"https:\\\/\\\/ratmed.org\\\/wp-content\\\/uploads\\\/2018\\\/07\\\/MZ.jpg\",\"width\":300,\"height\":168},{\"@type\":\"BreadcrumbList\",\"@id\":\"https:\\\/\\\/ratmed.org\\\/index.php\\\/2020\\\/08\\\/18\\\/ratownicy-medyczni-nieusatysfakcjonowani-rzadami-szumowskiego\\\/#breadcrumb\",\"itemListElement\":[{\"@type\":\"ListItem\",\"position\":1,\"name\":\"Strona g\u0142\u00f3wna\",\"item\":\"https:\\\/\\\/ratmed.org\\\/\"},{\"@type\":\"ListItem\",\"position\":2,\"name\":\"Rezygnacja ministra Szumowskiego, ustawa le\u017cy &#8230;\"}]},{\"@type\":\"WebSite\",\"@id\":\"https:\\\/\\\/ratmed.org\\\/#website\",\"url\":\"https:\\\/\\\/ratmed.org\\\/\",\"name\":\"\",\"description\":\"Polskie Towarzystwo Ratownik\u00f3w Medycznych\",\"potentialAction\":[{\"@type\":\"SearchAction\",\"target\":{\"@type\":\"EntryPoint\",\"urlTemplate\":\"https:\\\/\\\/ratmed.org\\\/?s={search_term_string}\"},\"query-input\":{\"@type\":\"PropertyValueSpecification\",\"valueRequired\":true,\"valueName\":\"search_term_string\"}}],\"inLanguage\":\"pl-PL\"},{\"@type\":\"Person\",\"@id\":\"https:\\\/\\\/ratmed.org\\\/#\\\/schema\\\/person\\\/2803219621d75b7faebffd3898ea5816\",\"name\":\"szafir6\",\"image\":{\"@type\":\"ImageObject\",\"inLanguage\":\"pl-PL\",\"@id\":\"https:\\\/\\\/secure.gravatar.com\\\/avatar\\\/ba97dfecbcb5570ce62cccf7417ed5b625624478a61981e9c13c85867ff92d83?s=96&d=mm&r=g\",\"url\":\"https:\\\/\\\/secure.gravatar.com\\\/avatar\\\/ba97dfecbcb5570ce62cccf7417ed5b625624478a61981e9c13c85867ff92d83?s=96&d=mm&r=g\",\"contentUrl\":\"https:\\\/\\\/secure.gravatar.com\\\/avatar\\\/ba97dfecbcb5570ce62cccf7417ed5b625624478a61981e9c13c85867ff92d83?s=96&d=mm&r=g\",\"caption\":\"szafir6\"},\"sameAs\":[\"https:\\\/\\\/web.facebook.com\\\/Polskie-Towarzystwo-Ratownikw-Medycznych-128583367841533\\\/\"],\"url\":\"https:\\\/\\\/ratmed.org\\\/index.php\\\/author\\\/admin8617\\\/\"}]}<\/script>\n<!-- \/ Yoast SEO plugin. -->","yoast_head_json":{"title":"Rezygnacja ministra Szumowskiego, ustawa le\u017cy ... -","robots":{"index":"index","follow":"follow","max-snippet":"max-snippet:-1","max-image-preview":"max-image-preview:large","max-video-preview":"max-video-preview:-1"},"canonical":"https:\/\/ratmed.org\/index.php\/2020\/08\/18\/ratownicy-medyczni-nieusatysfakcjonowani-rzadami-szumowskiego\/","og_locale":"pl_PL","og_type":"article","og_title":"Rezygnacja ministra Szumowskiego, ustawa le\u017cy ... -","og_description":"By\u0142y dyskusje, by\u0142o obietnice, nie zmieni\u0142o si\u0119 nic. Ratownicy medyczni rz\u0105dy Szumowskiego oceniaj\u0105 \u017ale i czekaj\u0105 na rozmowy z jego [&hellip;]","og_url":"https:\/\/ratmed.org\/index.php\/2020\/08\/18\/ratownicy-medyczni-nieusatysfakcjonowani-rzadami-szumowskiego\/","article_author":"https:\/\/web.facebook.com\/Polskie-Towarzystwo-Ratownikw-Medycznych-128583367841533\/","article_published_time":"2020-08-18T21:00:48+00:00","article_modified_time":"2020-08-19T13:51:42+00:00","og_image":[{"width":300,"height":168,"url":"https:\/\/ratmed.org\/wp-content\/uploads\/2018\/07\/MZ.jpg","type":"image\/jpeg"}],"author":"szafir6","twitter_card":"summary_large_image","twitter_misc":{"Napisane przez":"szafir6"},"schema":{"@context":"https:\/\/schema.org","@graph":[{"@type":"Article","@id":"https:\/\/ratmed.org\/index.php\/2020\/08\/18\/ratownicy-medyczni-nieusatysfakcjonowani-rzadami-szumowskiego\/#article","isPartOf":{"@id":"https:\/\/ratmed.org\/index.php\/2020\/08\/18\/ratownicy-medyczni-nieusatysfakcjonowani-rzadami-szumowskiego\/"},"author":{"name":"szafir6","@id":"https:\/\/ratmed.org\/#\/schema\/person\/2803219621d75b7faebffd3898ea5816"},"headline":"Rezygnacja ministra Szumowskiego, ustawa le\u017cy &#8230;","datePublished":"2020-08-18T21:00:48+00:00","dateModified":"2020-08-19T13:51:42+00:00","mainEntityOfPage":{"@id":"https:\/\/ratmed.org\/index.php\/2020\/08\/18\/ratownicy-medyczni-nieusatysfakcjonowani-rzadami-szumowskiego\/"},"wordCount":101,"commentCount":0,"image":{"@id":"https:\/\/ratmed.org\/index.php\/2020\/08\/18\/ratownicy-medyczni-nieusatysfakcjonowani-rzadami-szumowskiego\/#primaryimage"},"thumbnailUrl":"https:\/\/ratmed.org\/wp-content\/uploads\/2018\/07\/MZ.jpg","articleSection":["Uncategorized"],"inLanguage":"pl-PL","potentialAction":[{"@type":"CommentAction","name":"Comment","target":["https:\/\/ratmed.org\/index.php\/2020\/08\/18\/ratownicy-medyczni-nieusatysfakcjonowani-rzadami-szumowskiego\/#respond"]}]},{"@type":"WebPage","@id":"https:\/\/ratmed.org\/index.php\/2020\/08\/18\/ratownicy-medyczni-nieusatysfakcjonowani-rzadami-szumowskiego\/","url":"https:\/\/ratmed.org\/index.php\/2020\/08\/18\/ratownicy-medyczni-nieusatysfakcjonowani-rzadami-szumowskiego\/","name":"Rezygnacja ministra Szumowskiego, ustawa le\u017cy ... -","isPartOf":{"@id":"https:\/\/ratmed.org\/#website"},"primaryImageOfPage":{"@id":"https:\/\/ratmed.org\/index.php\/2020\/08\/18\/ratownicy-medyczni-nieusatysfakcjonowani-rzadami-szumowskiego\/#primaryimage"},"image":{"@id":"https:\/\/ratmed.org\/index.php\/2020\/08\/18\/ratownicy-medyczni-nieusatysfakcjonowani-rzadami-szumowskiego\/#primaryimage"},"thumbnailUrl":"https:\/\/ratmed.org\/wp-content\/uploads\/2018\/07\/MZ.jpg","datePublished":"2020-08-18T21:00:48+00:00","dateModified":"2020-08-19T13:51:42+00:00","author":{"@id":"https:\/\/ratmed.org\/#\/schema\/person\/2803219621d75b7faebffd3898ea5816"},"breadcrumb":{"@id":"https:\/\/ratmed.org\/index.php\/2020\/08\/18\/ratownicy-medyczni-nieusatysfakcjonowani-rzadami-szumowskiego\/#breadcrumb"},"inLanguage":"pl-PL","potentialAction":[{"@type":"ReadAction","target":["https:\/\/ratmed.org\/index.php\/2020\/08\/18\/ratownicy-medyczni-nieusatysfakcjonowani-rzadami-szumowskiego\/"]}]},{"@type":"ImageObject","inLanguage":"pl-PL","@id":"https:\/\/ratmed.org\/index.php\/2020\/08\/18\/ratownicy-medyczni-nieusatysfakcjonowani-rzadami-szumowskiego\/#primaryimage","url":"https:\/\/ratmed.org\/wp-content\/uploads\/2018\/07\/MZ.jpg","contentUrl":"https:\/\/ratmed.org\/wp-content\/uploads\/2018\/07\/MZ.jpg","width":300,"height":168},{"@type":"BreadcrumbList","@id":"https:\/\/ratmed.org\/index.php\/2020\/08\/18\/ratownicy-medyczni-nieusatysfakcjonowani-rzadami-szumowskiego\/#breadcrumb","itemListElement":[{"@type":"ListItem","position":1,"name":"Strona g\u0142\u00f3wna","item":"https:\/\/ratmed.org\/"},{"@type":"ListItem","position":2,"name":"Rezygnacja ministra Szumowskiego, ustawa le\u017cy &#8230;"}]},{"@type":"WebSite","@id":"https:\/\/ratmed.org\/#website","url":"https:\/\/ratmed.org\/","name":"","description":"Polskie Towarzystwo Ratownik\u00f3w Medycznych","potentialAction":[{"@type":"SearchAction","target":{"@type":"EntryPoint","urlTemplate":"https:\/\/ratmed.org\/?s={search_term_string}"},"query-input":{"@type":"PropertyValueSpecification","valueRequired":true,"valueName":"search_term_string"}}],"inLanguage":"pl-PL"},{"@type":"Person","@id":"https:\/\/ratmed.org\/#\/schema\/person\/2803219621d75b7faebffd3898ea5816","name":"szafir6","image":{"@type":"ImageObject","inLanguage":"pl-PL","@id":"https:\/\/secure.gravatar.com\/avatar\/ba97dfecbcb5570ce62cccf7417ed5b625624478a61981e9c13c85867ff92d83?s=96&d=mm&r=g","url":"https:\/\/secure.gravatar.com\/avatar\/ba97dfecbcb5570ce62cccf7417ed5b625624478a61981e9c13c85867ff92d83?s=96&d=mm&r=g","contentUrl":"https:\/\/secure.gravatar.com\/avatar\/ba97dfecbcb5570ce62cccf7417ed5b625624478a61981e9c13c85867ff92d83?s=96&d=mm&r=g","caption":"szafir6"},"sameAs":["https:\/\/web.facebook.com\/Polskie-Towarzystwo-Ratownikw-Medycznych-128583367841533\/"],"url":"https:\/\/ratmed.org\/index.php\/author\/admin8617\/"}]}},"_links":{"self":[{"href":"https:\/\/ratmed.org\/index.php\/wp-json\/wp\/v2\/posts\/1889","targetHints":{"allow":["GET"]}}],"collection":[{"href":"https:\/\/ratmed.org\/index.php\/wp-json\/wp\/v2\/posts"}],"about":[{"href":"https:\/\/ratmed.org\/index.php\/wp-json\/wp\/v2\/types\/post"}],"author":[{"embeddable":true,"href":"https:\/\/ratmed.org\/index.php\/wp-json\/wp\/v2\/users\/1"}],"replies":[{"embeddable":true,"href":"https:\/\/ratmed.org\/index.php\/wp-json\/wp\/v2\/comments?post=1889"}],"version-history":[{"count":2,"href":"https:\/\/ratmed.org\/index.php\/wp-json\/wp\/v2\/posts\/1889\/revisions"}],"predecessor-version":[{"id":1891,"href":"https:\/\/ratmed.org\/index.php\/wp-json\/wp\/v2\/posts\/1889\/revisions\/1891"}],"wp:featuredmedia":[{"embeddable":true,"href":"https:\/\/ratmed.org\/index.php\/wp-json\/wp\/v2\/media\/857"}],"wp:attachment":[{"href":"https:\/\/ratmed.org\/index.php\/wp-json\/wp\/v2\/media?parent=1889"}],"wp:term":[{"taxonomy":"category","embeddable":true,"href":"https:\/\/ratmed.org\/index.php\/wp-json\/wp\/v2\/categories?post=1889"},{"taxonomy":"post_tag","embeddable":true,"href":"https:\/\/ratmed.org\/index.php\/wp-json\/wp\/v2\/tags?post=1889"}],"curies":[{"name":"wp","href":"https:\/\/api.w.org\/{rel}","templated":true}]}}