{"id":2133,"date":"2021-04-24T15:51:56","date_gmt":"2021-04-24T14:51:56","guid":{"rendered":"https:\/\/ratmed.org\/?p=2133"},"modified":"2021-04-24T15:52:08","modified_gmt":"2021-04-24T14:52:08","slug":"rejestracja-na-iii-slaskie-dni-medycyny-stanow-naglych-ruszyla","status":"publish","type":"post","link":"https:\/\/ratmed.org\/index.php\/2021\/04\/24\/rejestracja-na-iii-slaskie-dni-medycyny-stanow-naglych-ruszyla\/","title":{"rendered":"Rejestracja na III \u015al\u0105skie Dni Medycyny Stan\u00f3w Nag\u0142ych ruszy\u0142a!"},"content":{"rendered":"<p><span class=\"d2edcug0 hpfvmrgz qv66sw1b c1et5uql lr9zc1uh a8c37x1j keod5gw0 nxhoafnm aigsh9s9 d3f4x2em fe6kdd0r mau55g9w c8b282yb iv3no6db jq4qci2q a3bd9o3v knj5qynh oo9gr5id\" dir=\"auto\">Szanowne Kole\u017canki i Szanowni Koledzy<\/span><\/p>\n<p><span class=\"d2edcug0 hpfvmrgz qv66sw1b c1et5uql lr9zc1uh a8c37x1j keod5gw0 nxhoafnm aigsh9s9 d3f4x2em fe6kdd0r mau55g9w c8b282yb iv3no6db jq4qci2q a3bd9o3v knj5qynh oo9gr5id\" dir=\"auto\">Dla naszego Towarzystwa od samego pocz\u0105tku najwa\u017cniejszym aspektem jest dbanie o \u015brodowisko ratownik\u00f3w medycznych. St\u0105d podj\u0119li\u015bmy si\u0119 organizacji cyklicznej konferencji pn. \u015al\u0105skie Dni Medycyny Stan\u00f3w Nag\u0142ych.<br \/>\nR\u00f3wnie\u017c w tym roku, nasz Zarz\u0105d w dniu 2 lutego 2021 r. podj\u0105\u0142 decyzj\u0119 o organizacji tego wydarzenia. Wybrali\u015bmy termin tej konferencji na 1-3 pa\u017adziernika.<br \/>\nZapraszamy Was bardzo serdecznie do udzia\u0142u w tym wydarzeniu. W tym roku opr\u00f3cz komponentu naukowego, skupiamy si\u0119 w du\u017cej mierze na wymianie do\u015bwiadcze\u0144 podczas dodatkowych event\u00f3w, kt\u00f3re b\u0119d\u0105 towarzyszy\u0142y naszemu spotkaniu.<br \/>\nProsz\u0119 rezerwujcie sobie czas i spotkajmy si\u0119 1-3 pa\u017adziernika 2021 r. na naszej konferencji w SPA &amp; Wellness Hotel Diament w Ustroniu.<br \/>\nZapraszamy do udzia\u0142u wszystkie zawody medyczne!!<\/span><\/p>\n<blockquote class=\"wp-embedded-content\" data-secret=\"dNYCcf3cHj\"><p><a href=\"https:\/\/konferencja-ptrm.pl\/index.php\/rejestracja-2\/\">Rejestracja<\/a><\/p><\/blockquote>\n<p><iframe loading=\"lazy\" class=\"wp-embedded-content\" sandbox=\"allow-scripts\" security=\"restricted\" style=\"position: absolute; clip: rect(1px, 1px, 1px, 1px);\" title=\"&#8222;Rejestracja&#8221; &#8212; III \u015al\u0105skie Dni Medycyny Stan\u00f3w Nag\u0142ych\" src=\"https:\/\/konferencja-ptrm.pl\/index.php\/rejestracja-2\/embed\/#?secret=dNYCcf3cHj\" data-secret=\"dNYCcf3cHj\" width=\"600\" height=\"338\" frameborder=\"0\" marginwidth=\"0\" marginheight=\"0\" scrolling=\"no\"><\/iframe><\/p>\n","protected":false},"excerpt":{"rendered":"<p>Szanowne Kole\u017canki i Szanowni Koledzy Dla naszego Towarzystwa od samego pocz\u0105tku najwa\u017cniejszym aspektem jest dbanie o \u015brodowisko ratownik\u00f3w medycznych. St\u0105d [&hellip;]<\/p>\n","protected":false},"author":1,"featured_media":2084,"comment_status":"open","ping_status":"open","sticky":false,"template":"","format":"standard","meta":{"footnotes":"","_links_to":"","_links_to_target":""},"categories":[1],"tags":[],"class_list":["post-2133","post","type-post","status-publish","format-standard","has-post-thumbnail","hentry","category-uncategorized"],"yoast_head":"<!-- This site is optimized with the Yoast SEO plugin v27.5 - https:\/\/yoast.com\/product\/yoast-seo-wordpress\/ -->\n<title>Rejestracja na III \u015al\u0105skie Dni Medycyny Stan\u00f3w Nag\u0142ych ruszy\u0142a! -<\/title>\n<meta name=\"robots\" content=\"index, follow, max-snippet:-1, max-image-preview:large, max-video-preview:-1\" \/>\n<link rel=\"canonical\" href=\"https:\/\/ratmed.org\/index.php\/2021\/04\/24\/rejestracja-na-iii-slaskie-dni-medycyny-stanow-naglych-ruszyla\/\" \/>\n<meta property=\"og:locale\" content=\"pl_PL\" \/>\n<meta property=\"og:type\" content=\"article\" \/>\n<meta property=\"og:title\" content=\"Rejestracja na III \u015al\u0105skie Dni Medycyny Stan\u00f3w Nag\u0142ych ruszy\u0142a! -\" \/>\n<meta property=\"og:description\" content=\"Szanowne Kole\u017canki i Szanowni Koledzy Dla naszego Towarzystwa od samego pocz\u0105tku najwa\u017cniejszym aspektem jest dbanie o \u015brodowisko ratownik\u00f3w medycznych. St\u0105d [&hellip;]\" \/>\n<meta property=\"og:url\" content=\"https:\/\/ratmed.org\/index.php\/2021\/04\/24\/rejestracja-na-iii-slaskie-dni-medycyny-stanow-naglych-ruszyla\/\" \/>\n<meta property=\"article:author\" content=\"https:\/\/web.facebook.com\/Polskie-Towarzystwo-Ratownikw-Medycznych-128583367841533\/\" \/>\n<meta property=\"article:published_time\" content=\"2021-04-24T14:51:56+00:00\" \/>\n<meta property=\"article:modified_time\" content=\"2021-04-24T14:52:08+00:00\" \/>\n<meta property=\"og:image\" content=\"https:\/\/ratmed.org\/wp-content\/uploads\/2021\/03\/facebook_g\u0142\u00f3wne_1200x628.2.jpg\" \/>\n\t<meta property=\"og:image:width\" content=\"1200\" \/>\n\t<meta property=\"og:image:height\" content=\"628\" \/>\n\t<meta property=\"og:image:type\" content=\"image\/jpeg\" \/>\n<meta name=\"author\" content=\"szafir6\" \/>\n<meta name=\"twitter:card\" content=\"summary_large_image\" \/>\n<meta name=\"twitter:label1\" content=\"Napisane przez\" \/>\n\t<meta name=\"twitter:data1\" content=\"szafir6\" \/>\n\t<meta name=\"twitter:label2\" content=\"Szacowany czas czytania\" \/>\n\t<meta name=\"twitter:data2\" content=\"1 minuta\" \/>\n<script type=\"application\/ld+json\" class=\"yoast-schema-graph\">{\"@context\":\"https:\\\/\\\/schema.org\",\"@graph\":[{\"@type\":\"Article\",\"@id\":\"https:\\\/\\\/ratmed.org\\\/index.php\\\/2021\\\/04\\\/24\\\/rejestracja-na-iii-slaskie-dni-medycyny-stanow-naglych-ruszyla\\\/#article\",\"isPartOf\":{\"@id\":\"https:\\\/\\\/ratmed.org\\\/index.php\\\/2021\\\/04\\\/24\\\/rejestracja-na-iii-slaskie-dni-medycyny-stanow-naglych-ruszyla\\\/\"},\"author\":{\"name\":\"szafir6\",\"@id\":\"https:\\\/\\\/ratmed.org\\\/#\\\/schema\\\/person\\\/2803219621d75b7faebffd3898ea5816\"},\"headline\":\"Rejestracja na III \u015al\u0105skie Dni Medycyny Stan\u00f3w Nag\u0142ych ruszy\u0142a!\",\"datePublished\":\"2021-04-24T14:51:56+00:00\",\"dateModified\":\"2021-04-24T14:52:08+00:00\",\"mainEntityOfPage\":{\"@id\":\"https:\\\/\\\/ratmed.org\\\/index.php\\\/2021\\\/04\\\/24\\\/rejestracja-na-iii-slaskie-dni-medycyny-stanow-naglych-ruszyla\\\/\"},\"wordCount\":155,\"commentCount\":0,\"image\":{\"@id\":\"https:\\\/\\\/ratmed.org\\\/index.php\\\/2021\\\/04\\\/24\\\/rejestracja-na-iii-slaskie-dni-medycyny-stanow-naglych-ruszyla\\\/#primaryimage\"},\"thumbnailUrl\":\"https:\\\/\\\/ratmed.org\\\/wp-content\\\/uploads\\\/2021\\\/03\\\/facebook_g\u0142\u00f3wne_1200x628.2.jpg\",\"articleSection\":[\"Uncategorized\"],\"inLanguage\":\"pl-PL\",\"potentialAction\":[{\"@type\":\"CommentAction\",\"name\":\"Comment\",\"target\":[\"https:\\\/\\\/ratmed.org\\\/index.php\\\/2021\\\/04\\\/24\\\/rejestracja-na-iii-slaskie-dni-medycyny-stanow-naglych-ruszyla\\\/#respond\"]}]},{\"@type\":\"WebPage\",\"@id\":\"https:\\\/\\\/ratmed.org\\\/index.php\\\/2021\\\/04\\\/24\\\/rejestracja-na-iii-slaskie-dni-medycyny-stanow-naglych-ruszyla\\\/\",\"url\":\"https:\\\/\\\/ratmed.org\\\/index.php\\\/2021\\\/04\\\/24\\\/rejestracja-na-iii-slaskie-dni-medycyny-stanow-naglych-ruszyla\\\/\",\"name\":\"Rejestracja na III \u015al\u0105skie Dni Medycyny Stan\u00f3w Nag\u0142ych ruszy\u0142a! -\",\"isPartOf\":{\"@id\":\"https:\\\/\\\/ratmed.org\\\/#website\"},\"primaryImageOfPage\":{\"@id\":\"https:\\\/\\\/ratmed.org\\\/index.php\\\/2021\\\/04\\\/24\\\/rejestracja-na-iii-slaskie-dni-medycyny-stanow-naglych-ruszyla\\\/#primaryimage\"},\"image\":{\"@id\":\"https:\\\/\\\/ratmed.org\\\/index.php\\\/2021\\\/04\\\/24\\\/rejestracja-na-iii-slaskie-dni-medycyny-stanow-naglych-ruszyla\\\/#primaryimage\"},\"thumbnailUrl\":\"https:\\\/\\\/ratmed.org\\\/wp-content\\\/uploads\\\/2021\\\/03\\\/facebook_g\u0142\u00f3wne_1200x628.2.jpg\",\"datePublished\":\"2021-04-24T14:51:56+00:00\",\"dateModified\":\"2021-04-24T14:52:08+00:00\",\"author\":{\"@id\":\"https:\\\/\\\/ratmed.org\\\/#\\\/schema\\\/person\\\/2803219621d75b7faebffd3898ea5816\"},\"breadcrumb\":{\"@id\":\"https:\\\/\\\/ratmed.org\\\/index.php\\\/2021\\\/04\\\/24\\\/rejestracja-na-iii-slaskie-dni-medycyny-stanow-naglych-ruszyla\\\/#breadcrumb\"},\"inLanguage\":\"pl-PL\",\"potentialAction\":[{\"@type\":\"ReadAction\",\"target\":[\"https:\\\/\\\/ratmed.org\\\/index.php\\\/2021\\\/04\\\/24\\\/rejestracja-na-iii-slaskie-dni-medycyny-stanow-naglych-ruszyla\\\/\"]}]},{\"@type\":\"ImageObject\",\"inLanguage\":\"pl-PL\",\"@id\":\"https:\\\/\\\/ratmed.org\\\/index.php\\\/2021\\\/04\\\/24\\\/rejestracja-na-iii-slaskie-dni-medycyny-stanow-naglych-ruszyla\\\/#primaryimage\",\"url\":\"https:\\\/\\\/ratmed.org\\\/wp-content\\\/uploads\\\/2021\\\/03\\\/facebook_g\u0142\u00f3wne_1200x628.2.jpg\",\"contentUrl\":\"https:\\\/\\\/ratmed.org\\\/wp-content\\\/uploads\\\/2021\\\/03\\\/facebook_g\u0142\u00f3wne_1200x628.2.jpg\",\"width\":1200,\"height\":628},{\"@type\":\"BreadcrumbList\",\"@id\":\"https:\\\/\\\/ratmed.org\\\/index.php\\\/2021\\\/04\\\/24\\\/rejestracja-na-iii-slaskie-dni-medycyny-stanow-naglych-ruszyla\\\/#breadcrumb\",\"itemListElement\":[{\"@type\":\"ListItem\",\"position\":1,\"name\":\"Strona g\u0142\u00f3wna\",\"item\":\"https:\\\/\\\/ratmed.org\\\/\"},{\"@type\":\"ListItem\",\"position\":2,\"name\":\"Rejestracja na III \u015al\u0105skie Dni Medycyny Stan\u00f3w Nag\u0142ych ruszy\u0142a!\"}]},{\"@type\":\"WebSite\",\"@id\":\"https:\\\/\\\/ratmed.org\\\/#website\",\"url\":\"https:\\\/\\\/ratmed.org\\\/\",\"name\":\"\",\"description\":\"Polskie Towarzystwo Ratownik\u00f3w Medycznych\",\"potentialAction\":[{\"@type\":\"SearchAction\",\"target\":{\"@type\":\"EntryPoint\",\"urlTemplate\":\"https:\\\/\\\/ratmed.org\\\/?s={search_term_string}\"},\"query-input\":{\"@type\":\"PropertyValueSpecification\",\"valueRequired\":true,\"valueName\":\"search_term_string\"}}],\"inLanguage\":\"pl-PL\"},{\"@type\":\"Person\",\"@id\":\"https:\\\/\\\/ratmed.org\\\/#\\\/schema\\\/person\\\/2803219621d75b7faebffd3898ea5816\",\"name\":\"szafir6\",\"image\":{\"@type\":\"ImageObject\",\"inLanguage\":\"pl-PL\",\"@id\":\"https:\\\/\\\/secure.gravatar.com\\\/avatar\\\/ba97dfecbcb5570ce62cccf7417ed5b625624478a61981e9c13c85867ff92d83?s=96&d=mm&r=g\",\"url\":\"https:\\\/\\\/secure.gravatar.com\\\/avatar\\\/ba97dfecbcb5570ce62cccf7417ed5b625624478a61981e9c13c85867ff92d83?s=96&d=mm&r=g\",\"contentUrl\":\"https:\\\/\\\/secure.gravatar.com\\\/avatar\\\/ba97dfecbcb5570ce62cccf7417ed5b625624478a61981e9c13c85867ff92d83?s=96&d=mm&r=g\",\"caption\":\"szafir6\"},\"sameAs\":[\"https:\\\/\\\/web.facebook.com\\\/Polskie-Towarzystwo-Ratownikw-Medycznych-128583367841533\\\/\"],\"url\":\"https:\\\/\\\/ratmed.org\\\/index.php\\\/author\\\/admin8617\\\/\"}]}<\/script>\n<!-- \/ Yoast SEO plugin. -->","yoast_head_json":{"title":"Rejestracja na III \u015al\u0105skie Dni Medycyny Stan\u00f3w Nag\u0142ych ruszy\u0142a! -","robots":{"index":"index","follow":"follow","max-snippet":"max-snippet:-1","max-image-preview":"max-image-preview:large","max-video-preview":"max-video-preview:-1"},"canonical":"https:\/\/ratmed.org\/index.php\/2021\/04\/24\/rejestracja-na-iii-slaskie-dni-medycyny-stanow-naglych-ruszyla\/","og_locale":"pl_PL","og_type":"article","og_title":"Rejestracja na III \u015al\u0105skie Dni Medycyny Stan\u00f3w Nag\u0142ych ruszy\u0142a! -","og_description":"Szanowne Kole\u017canki i Szanowni Koledzy Dla naszego Towarzystwa od samego pocz\u0105tku najwa\u017cniejszym aspektem jest dbanie o \u015brodowisko ratownik\u00f3w medycznych. St\u0105d [&hellip;]","og_url":"https:\/\/ratmed.org\/index.php\/2021\/04\/24\/rejestracja-na-iii-slaskie-dni-medycyny-stanow-naglych-ruszyla\/","article_author":"https:\/\/web.facebook.com\/Polskie-Towarzystwo-Ratownikw-Medycznych-128583367841533\/","article_published_time":"2021-04-24T14:51:56+00:00","article_modified_time":"2021-04-24T14:52:08+00:00","og_image":[{"width":1200,"height":628,"url":"https:\/\/ratmed.org\/wp-content\/uploads\/2021\/03\/facebook_g\u0142\u00f3wne_1200x628.2.jpg","type":"image\/jpeg"}],"author":"szafir6","twitter_card":"summary_large_image","twitter_misc":{"Napisane przez":"szafir6","Szacowany czas czytania":"1 minuta"},"schema":{"@context":"https:\/\/schema.org","@graph":[{"@type":"Article","@id":"https:\/\/ratmed.org\/index.php\/2021\/04\/24\/rejestracja-na-iii-slaskie-dni-medycyny-stanow-naglych-ruszyla\/#article","isPartOf":{"@id":"https:\/\/ratmed.org\/index.php\/2021\/04\/24\/rejestracja-na-iii-slaskie-dni-medycyny-stanow-naglych-ruszyla\/"},"author":{"name":"szafir6","@id":"https:\/\/ratmed.org\/#\/schema\/person\/2803219621d75b7faebffd3898ea5816"},"headline":"Rejestracja na III \u015al\u0105skie Dni Medycyny Stan\u00f3w Nag\u0142ych ruszy\u0142a!","datePublished":"2021-04-24T14:51:56+00:00","dateModified":"2021-04-24T14:52:08+00:00","mainEntityOfPage":{"@id":"https:\/\/ratmed.org\/index.php\/2021\/04\/24\/rejestracja-na-iii-slaskie-dni-medycyny-stanow-naglych-ruszyla\/"},"wordCount":155,"commentCount":0,"image":{"@id":"https:\/\/ratmed.org\/index.php\/2021\/04\/24\/rejestracja-na-iii-slaskie-dni-medycyny-stanow-naglych-ruszyla\/#primaryimage"},"thumbnailUrl":"https:\/\/ratmed.org\/wp-content\/uploads\/2021\/03\/facebook_g\u0142\u00f3wne_1200x628.2.jpg","articleSection":["Uncategorized"],"inLanguage":"pl-PL","potentialAction":[{"@type":"CommentAction","name":"Comment","target":["https:\/\/ratmed.org\/index.php\/2021\/04\/24\/rejestracja-na-iii-slaskie-dni-medycyny-stanow-naglych-ruszyla\/#respond"]}]},{"@type":"WebPage","@id":"https:\/\/ratmed.org\/index.php\/2021\/04\/24\/rejestracja-na-iii-slaskie-dni-medycyny-stanow-naglych-ruszyla\/","url":"https:\/\/ratmed.org\/index.php\/2021\/04\/24\/rejestracja-na-iii-slaskie-dni-medycyny-stanow-naglych-ruszyla\/","name":"Rejestracja na III \u015al\u0105skie Dni Medycyny Stan\u00f3w Nag\u0142ych ruszy\u0142a! -","isPartOf":{"@id":"https:\/\/ratmed.org\/#website"},"primaryImageOfPage":{"@id":"https:\/\/ratmed.org\/index.php\/2021\/04\/24\/rejestracja-na-iii-slaskie-dni-medycyny-stanow-naglych-ruszyla\/#primaryimage"},"image":{"@id":"https:\/\/ratmed.org\/index.php\/2021\/04\/24\/rejestracja-na-iii-slaskie-dni-medycyny-stanow-naglych-ruszyla\/#primaryimage"},"thumbnailUrl":"https:\/\/ratmed.org\/wp-content\/uploads\/2021\/03\/facebook_g\u0142\u00f3wne_1200x628.2.jpg","datePublished":"2021-04-24T14:51:56+00:00","dateModified":"2021-04-24T14:52:08+00:00","author":{"@id":"https:\/\/ratmed.org\/#\/schema\/person\/2803219621d75b7faebffd3898ea5816"},"breadcrumb":{"@id":"https:\/\/ratmed.org\/index.php\/2021\/04\/24\/rejestracja-na-iii-slaskie-dni-medycyny-stanow-naglych-ruszyla\/#breadcrumb"},"inLanguage":"pl-PL","potentialAction":[{"@type":"ReadAction","target":["https:\/\/ratmed.org\/index.php\/2021\/04\/24\/rejestracja-na-iii-slaskie-dni-medycyny-stanow-naglych-ruszyla\/"]}]},{"@type":"ImageObject","inLanguage":"pl-PL","@id":"https:\/\/ratmed.org\/index.php\/2021\/04\/24\/rejestracja-na-iii-slaskie-dni-medycyny-stanow-naglych-ruszyla\/#primaryimage","url":"https:\/\/ratmed.org\/wp-content\/uploads\/2021\/03\/facebook_g\u0142\u00f3wne_1200x628.2.jpg","contentUrl":"https:\/\/ratmed.org\/wp-content\/uploads\/2021\/03\/facebook_g\u0142\u00f3wne_1200x628.2.jpg","width":1200,"height":628},{"@type":"BreadcrumbList","@id":"https:\/\/ratmed.org\/index.php\/2021\/04\/24\/rejestracja-na-iii-slaskie-dni-medycyny-stanow-naglych-ruszyla\/#breadcrumb","itemListElement":[{"@type":"ListItem","position":1,"name":"Strona g\u0142\u00f3wna","item":"https:\/\/ratmed.org\/"},{"@type":"ListItem","position":2,"name":"Rejestracja na III \u015al\u0105skie Dni Medycyny Stan\u00f3w Nag\u0142ych ruszy\u0142a!"}]},{"@type":"WebSite","@id":"https:\/\/ratmed.org\/#website","url":"https:\/\/ratmed.org\/","name":"","description":"Polskie Towarzystwo Ratownik\u00f3w Medycznych","potentialAction":[{"@type":"SearchAction","target":{"@type":"EntryPoint","urlTemplate":"https:\/\/ratmed.org\/?s={search_term_string}"},"query-input":{"@type":"PropertyValueSpecification","valueRequired":true,"valueName":"search_term_string"}}],"inLanguage":"pl-PL"},{"@type":"Person","@id":"https:\/\/ratmed.org\/#\/schema\/person\/2803219621d75b7faebffd3898ea5816","name":"szafir6","image":{"@type":"ImageObject","inLanguage":"pl-PL","@id":"https:\/\/secure.gravatar.com\/avatar\/ba97dfecbcb5570ce62cccf7417ed5b625624478a61981e9c13c85867ff92d83?s=96&d=mm&r=g","url":"https:\/\/secure.gravatar.com\/avatar\/ba97dfecbcb5570ce62cccf7417ed5b625624478a61981e9c13c85867ff92d83?s=96&d=mm&r=g","contentUrl":"https:\/\/secure.gravatar.com\/avatar\/ba97dfecbcb5570ce62cccf7417ed5b625624478a61981e9c13c85867ff92d83?s=96&d=mm&r=g","caption":"szafir6"},"sameAs":["https:\/\/web.facebook.com\/Polskie-Towarzystwo-Ratownikw-Medycznych-128583367841533\/"],"url":"https:\/\/ratmed.org\/index.php\/author\/admin8617\/"}]}},"_links":{"self":[{"href":"https:\/\/ratmed.org\/index.php\/wp-json\/wp\/v2\/posts\/2133","targetHints":{"allow":["GET"]}}],"collection":[{"href":"https:\/\/ratmed.org\/index.php\/wp-json\/wp\/v2\/posts"}],"about":[{"href":"https:\/\/ratmed.org\/index.php\/wp-json\/wp\/v2\/types\/post"}],"author":[{"embeddable":true,"href":"https:\/\/ratmed.org\/index.php\/wp-json\/wp\/v2\/users\/1"}],"replies":[{"embeddable":true,"href":"https:\/\/ratmed.org\/index.php\/wp-json\/wp\/v2\/comments?post=2133"}],"version-history":[{"count":1,"href":"https:\/\/ratmed.org\/index.php\/wp-json\/wp\/v2\/posts\/2133\/revisions"}],"predecessor-version":[{"id":2134,"href":"https:\/\/ratmed.org\/index.php\/wp-json\/wp\/v2\/posts\/2133\/revisions\/2134"}],"wp:featuredmedia":[{"embeddable":true,"href":"https:\/\/ratmed.org\/index.php\/wp-json\/wp\/v2\/media\/2084"}],"wp:attachment":[{"href":"https:\/\/ratmed.org\/index.php\/wp-json\/wp\/v2\/media?parent=2133"}],"wp:term":[{"taxonomy":"category","embeddable":true,"href":"https:\/\/ratmed.org\/index.php\/wp-json\/wp\/v2\/categories?post=2133"},{"taxonomy":"post_tag","embeddable":true,"href":"https:\/\/ratmed.org\/index.php\/wp-json\/wp\/v2\/tags?post=2133"}],"curies":[{"name":"wp","href":"https:\/\/api.w.org\/{rel}","templated":true}]}}