{"id":2611,"date":"2023-07-25T21:03:45","date_gmt":"2023-07-25T20:03:45","guid":{"rendered":"https:\/\/ratmed.org\/?p=2611"},"modified":"2023-07-26T21:07:32","modified_gmt":"2023-07-26T20:07:32","slug":"kolor-zolty-ambulansu-zrm-jednak-nie-tylko-dla-zrm-dzialajacych-w-systemie-prm","status":"publish","type":"post","link":"https:\/\/ratmed.org\/index.php\/2023\/07\/25\/kolor-zolty-ambulansu-zrm-jednak-nie-tylko-dla-zrm-dzialajacych-w-systemie-prm\/","title":{"rendered":"Kolor \u017c\u00f3\u0142ty ambulansu ZRM jednak nie tylko dla ZRM dzia\u0142aj\u0105cych w systemie PRM"},"content":{"rendered":"<p>Polskie Towarzystwo Ratownik\u00f3w Medycznych (PTRM) pozytywnie oceniaj\u0105c zmiany wprowadzone w za\u0142\u0105czniku nr 2 do rozporz\u0105dzenia Ministra Zdrowia z dnia 3 stycznia 2023 r. w sprawie oznaczenia systemu Pa\u0144stwowe Ratownictwo Medyczne oraz wymaga\u0144 w zakresie umundurowania cz\u0142onk\u00f3w zespo\u0142\u00f3w ratownictwa medycznego (Dz. U. z 2023 r. poz. 118)\u00a0\u2013 zwanego dalej: \u201erozporz\u0105dzeniem o znaczeniu systemu PRM\u201d, w zakresie ujednolicenia koloru specjalistycznego \u015brodka transportu sanitarnego wykorzystywanego przez zespo\u0142y ratownictwa medycznego, pismem z dnia 26 czerwca 2023 r., zwr\u00f3ci\u0142o si\u0119 do Pana <em><strong>Waldemara Kraski<\/strong> <\/em>\u2013 Sekretarza Stanu w Ministerstwie Zdrowia i wskaza\u0142o, \u017ce po wej\u015bciu w \u017cycie ww. rozporz\u0105dzenia, podmioty wykorzystuj\u0105ce do swojej dzia\u0142alno\u015bci ambulanse funkcjonuj\u0105ce poza systemem Pa\u0144stwowego Ratownictwa Medycznego (PRM), zmieni\u0142y barw\u0119 nowo nabywanych ambulans\u00f3w z barwy bia\u0142ej na barw\u0119 \u017c\u00f3\u0142t\u0105. Takie dzia\u0142anie skutkuje brakiem mo\u017cliwo\u015bci jednoznacznej identyfikacji, kt\u00f3ry ambulans funkcjonuje w systemie PRM, a kt\u00f3ry poza nim.<\/p>\n<p>PTRM jednocze\u015bnie zaproponowa\u0142o wyst\u0105pienie przez Ministerstwo Zdrowia do Ministerstwa Infrastruktury z propozycj\u0105 przeprowadzenia nowelizacji rozporz\u0105dzenia Ministra Infrastruktury z dnia 31 grudnia 2002 r. w sprawie warunk\u00f3w technicznych pojazd\u00f3w oraz zakresu ich niezb\u0119dnego wyposa\u017cenia (t. j. z 2016 r. poz. 2022, z p\u00f3\u017an. zm.) w zakresie modyfikacji\/zmiany przepis\u00f3w \u00a7 28, kt\u00f3re obecnie okre\u015blaj\u0105 barw\u0119 oraz spos\u00f3b oznaczenia karetki sanitarnej oraz karetki reanimacyjnej \u2013 dopuszczona obecnie jest barwa bia\u0142a, \u017c\u00f3\u0142ta i kremowa.<\/p>\n<p>Weryfikuj\u0105c przepisy przywo\u0142anego rozporz\u0105dzenia Ministra Infrastruktury jednoznacznie nale\u017cy stwierdzi\u0107, \u017ce nie uwzgl\u0119dniaj\u0105 one zmian jakie zasz\u0142y w systemie ochrony zdrowia w obszarze ratownictwa medycznego, transportu sanitarnego oraz transportu medycznego. Obecnie nie funkcjonuj\u0105 ju\u017c \u201ekaretki reanimacyjne\u201d. Po wej\u015bciu w \u017cycie rozporz\u0105dzenia o znaczeniu systemu PRM w ocenie PTRM, kolor \u017c\u00f3\u0142ty nie powinien by\u0107 dost\u0119pny dla ambulans\u00f3w funkcjonuj\u0105cych poza systemem PRM.<\/p>\n<p>Uwzgl\u0119dniaj\u0105c powy\u017csze PTRM zwr\u00f3ci\u0142o si\u0119 z uprzejm\u0105 pro\u015bb\u0105 do Pana Ministra o podj\u0119cie dalszych dzia\u0142a\u0144 maj\u0105cych na celu ujednolicenia koloru specjalistycznego \u015brodka transportu sanitarnego wykorzystywanego przez zespo\u0142y ratownictwa medycznego w systemie PRM.<\/p>\n<p>W uzyskanej odpowiedzi w pi\u015bmie z dnia 14 lipca 2023 r. z Departamentu Bezpiecze\u0144stwa Ministerstwa Zdrowia (DB MZ) wskazano, \u017ce w zwi\u0105zku z wej\u015bciem w \u017cycie regulacji rozporz\u0105dzenia o znaczeniu systemu PRM, wym\u00f3g stosowania barwy \u017c\u00f3\u0142tej dla specjalistycznych \u015brodk\u00f3w transportu sanitarnego wprowadzony zosta\u0142 w d\u0142u\u017cszej perspektywie czasowej do dnia 31 grudnia 2030 r.<\/p>\n<p>Za\u0142o\u017cenia ww. nowelizacji polega\u0142y na ujednoliceniu oznaczenia m.in. jednostek systemu Pa\u0144stwowe Ratownictwo Medyczne w skali kraju oraz wykazania ich odr\u0119bno\u015bci w stosunku do innych podmiot\u00f3w, wykonuj\u0105cych np. dzia\u0142alno\u015b\u0107 gospodarcz\u0105 w zakresie us\u0142ug transportu sanitarnego.<\/p>\n<p>DB MZ niezale\u017cnie od powy\u017cszego wskazuje, \u017ce postulat dotycz\u0105cy nowelizacji rozporz\u0105dzenia Ministra Infrastruktury z dnia 31 grudnia 2002 r. w sprawie warunk\u00f3w technicznych pojazd\u00f3w oraz zakresu ich niezb\u0119dnego wyposa\u017cenia, zas\u0142uguje na rozwa\u017cenie. \u201e<em>Ministerstwo Zdrowia w latach ubieg\u0142ych wielokrotnie i bezskutecznie sygnalizowa\u0142o Ministrowi Infrastruktury potrzeb\u0119 dostosowania archaicznych zapis\u00f3w par. 28, do regulacji rozporz\u0105dzenia Ministra Zdrowia w sprawie oznaczenia systemu Pa\u0144stwowe Ratownictwo Medyczne oraz wymaga\u0144 w zakresie umundurowania cz\u0142onk\u00f3w zespo\u0142\u00f3w ratownictwa medycznego<\/em>.\u201d<\/p>\n<p>Z uwagi na tre\u015b\u0107 odpowiedzi przekazanej przez MZ, PTRM podj\u0119\u0142o decyzj\u0119 o wyst\u0105pieniu w tej kwestii do Ministerstwa Infrastruktury.<\/p>\n<p>Zapraszamy do zapoznania si\u0119 z pe\u0142n\u0105 tre\u015bci\u0105 korespondencji kierowanej do Pana Ministra oraz uzyskanej odpowiedzi. O kolejnych krokach w sprawie b\u0119dziemy Pa\u0144stwa informowa\u0107 na stronie internetowej PTRM oraz na Facebooku.<\/p>\n<p><img loading=\"lazy\" decoding=\"async\" class=\"aligncenter wp-image-2612 size-full\" src=\"https:\/\/ratmed.org\/wp-content\/uploads\/2023\/07\/2023-06-26-Pismo-PTRM-do-MZ-w-spr.-koloru-ambulansow-w-PRM-strona-1-FB.jpg\" alt=\"\" width=\"719\" height=\"995\" srcset=\"https:\/\/ratmed.org\/wp-content\/uploads\/2023\/07\/2023-06-26-Pismo-PTRM-do-MZ-w-spr.-koloru-ambulansow-w-PRM-strona-1-FB.jpg 719w, https:\/\/ratmed.org\/wp-content\/uploads\/2023\/07\/2023-06-26-Pismo-PTRM-do-MZ-w-spr.-koloru-ambulansow-w-PRM-strona-1-FB-217x300.jpg 217w\" sizes=\"auto, (max-width: 719px) 100vw, 719px\" \/><\/p>\n<p><img loading=\"lazy\" decoding=\"async\" class=\"size-full wp-image-2613 aligncenter\" src=\"https:\/\/ratmed.org\/wp-content\/uploads\/2023\/07\/2023-06-26-Pismo-PTRM-do-MZ-w-spr.-koloru-ambulansow-w-PRM-strona-2-FB.jpg\" alt=\"\" width=\"719\" height=\"994\" srcset=\"https:\/\/ratmed.org\/wp-content\/uploads\/2023\/07\/2023-06-26-Pismo-PTRM-do-MZ-w-spr.-koloru-ambulansow-w-PRM-strona-2-FB.jpg 719w, https:\/\/ratmed.org\/wp-content\/uploads\/2023\/07\/2023-06-26-Pismo-PTRM-do-MZ-w-spr.-koloru-ambulansow-w-PRM-strona-2-FB-217x300.jpg 217w\" sizes=\"auto, (max-width: 719px) 100vw, 719px\" \/><\/p>\n<p><img loading=\"lazy\" decoding=\"async\" class=\"size-full wp-image-2614 aligncenter\" src=\"https:\/\/ratmed.org\/wp-content\/uploads\/2023\/07\/2023-07-25-Wycinek-rozporzadzenia-Min.-Infrastruktury-z-paragrafem-28.jpg\" alt=\"\" width=\"801\" height=\"282\" srcset=\"https:\/\/ratmed.org\/wp-content\/uploads\/2023\/07\/2023-07-25-Wycinek-rozporzadzenia-Min.-Infrastruktury-z-paragrafem-28.jpg 801w, https:\/\/ratmed.org\/wp-content\/uploads\/2023\/07\/2023-07-25-Wycinek-rozporzadzenia-Min.-Infrastruktury-z-paragrafem-28-300x106.jpg 300w, https:\/\/ratmed.org\/wp-content\/uploads\/2023\/07\/2023-07-25-Wycinek-rozporzadzenia-Min.-Infrastruktury-z-paragrafem-28-768x270.jpg 768w\" sizes=\"auto, (max-width: 801px) 100vw, 801px\" \/><\/p>\n<p><img loading=\"lazy\" decoding=\"async\" class=\"size-full wp-image-2615 aligncenter\" src=\"https:\/\/ratmed.org\/wp-content\/uploads\/2023\/07\/2023-07-14-Odpowiedz-MZ-DB-w-spr.-koloru-ambulansow-w-PRM.jpg\" alt=\"\" width=\"605\" height=\"847\" srcset=\"https:\/\/ratmed.org\/wp-content\/uploads\/2023\/07\/2023-07-14-Odpowiedz-MZ-DB-w-spr.-koloru-ambulansow-w-PRM.jpg 605w, https:\/\/ratmed.org\/wp-content\/uploads\/2023\/07\/2023-07-14-Odpowiedz-MZ-DB-w-spr.-koloru-ambulansow-w-PRM-214x300.jpg 214w\" sizes=\"auto, (max-width: 605px) 100vw, 605px\" \/><\/p>\n","protected":false},"excerpt":{"rendered":"<p>Polskie Towarzystwo Ratownik\u00f3w Medycznych (PTRM) pozytywnie oceniaj\u0105c zmiany wprowadzone w za\u0142\u0105czniku nr 2 do rozporz\u0105dzenia Ministra Zdrowia z dnia 3 [&hellip;]<\/p>\n","protected":false},"author":1,"featured_media":0,"comment_status":"open","ping_status":"open","sticky":false,"template":"","format":"standard","meta":{"footnotes":"","_links_to":"","_links_to_target":""},"categories":[1],"tags":[],"class_list":["post-2611","post","type-post","status-publish","format-standard","hentry","category-uncategorized"],"yoast_head":"<!-- This site is optimized with the Yoast SEO plugin v27.5 - https:\/\/yoast.com\/product\/yoast-seo-wordpress\/ -->\n<title>Kolor \u017c\u00f3\u0142ty ambulansu ZRM jednak nie tylko dla ZRM dzia\u0142aj\u0105cych w systemie PRM -<\/title>\n<meta name=\"robots\" content=\"index, follow, max-snippet:-1, max-image-preview:large, max-video-preview:-1\" \/>\n<link rel=\"canonical\" href=\"https:\/\/ratmed.org\/index.php\/2023\/07\/25\/kolor-zolty-ambulansu-zrm-jednak-nie-tylko-dla-zrm-dzialajacych-w-systemie-prm\/\" \/>\n<meta property=\"og:locale\" content=\"pl_PL\" \/>\n<meta property=\"og:type\" content=\"article\" \/>\n<meta property=\"og:title\" content=\"Kolor \u017c\u00f3\u0142ty ambulansu ZRM jednak nie tylko dla ZRM dzia\u0142aj\u0105cych w systemie PRM -\" \/>\n<meta property=\"og:description\" content=\"Polskie Towarzystwo Ratownik\u00f3w Medycznych (PTRM) pozytywnie oceniaj\u0105c zmiany wprowadzone w za\u0142\u0105czniku nr 2 do rozporz\u0105dzenia Ministra Zdrowia z dnia 3 [&hellip;]\" \/>\n<meta property=\"og:url\" content=\"https:\/\/ratmed.org\/index.php\/2023\/07\/25\/kolor-zolty-ambulansu-zrm-jednak-nie-tylko-dla-zrm-dzialajacych-w-systemie-prm\/\" \/>\n<meta property=\"article:author\" content=\"https:\/\/web.facebook.com\/Polskie-Towarzystwo-Ratownikw-Medycznych-128583367841533\/\" \/>\n<meta property=\"article:published_time\" content=\"2023-07-25T20:03:45+00:00\" \/>\n<meta property=\"article:modified_time\" content=\"2023-07-26T20:07:32+00:00\" \/>\n<meta property=\"og:image\" content=\"https:\/\/ratmed.org\/wp-content\/uploads\/2023\/07\/2023-06-26-Pismo-PTRM-do-MZ-w-spr.-koloru-ambulansow-w-PRM-strona-1-FB.jpg\" \/>\n<meta name=\"author\" content=\"szafir6\" \/>\n<meta name=\"twitter:card\" content=\"summary_large_image\" \/>\n<meta name=\"twitter:label1\" content=\"Napisane przez\" \/>\n\t<meta name=\"twitter:data1\" content=\"szafir6\" \/>\n\t<meta name=\"twitter:label2\" content=\"Szacowany czas czytania\" \/>\n\t<meta name=\"twitter:data2\" content=\"4 minuty\" \/>\n<script type=\"application\/ld+json\" class=\"yoast-schema-graph\">{\"@context\":\"https:\\\/\\\/schema.org\",\"@graph\":[{\"@type\":\"Article\",\"@id\":\"https:\\\/\\\/ratmed.org\\\/index.php\\\/2023\\\/07\\\/25\\\/kolor-zolty-ambulansu-zrm-jednak-nie-tylko-dla-zrm-dzialajacych-w-systemie-prm\\\/#article\",\"isPartOf\":{\"@id\":\"https:\\\/\\\/ratmed.org\\\/index.php\\\/2023\\\/07\\\/25\\\/kolor-zolty-ambulansu-zrm-jednak-nie-tylko-dla-zrm-dzialajacych-w-systemie-prm\\\/\"},\"author\":{\"name\":\"szafir6\",\"@id\":\"https:\\\/\\\/ratmed.org\\\/#\\\/schema\\\/person\\\/2803219621d75b7faebffd3898ea5816\"},\"headline\":\"Kolor \u017c\u00f3\u0142ty ambulansu ZRM jednak nie tylko dla ZRM dzia\u0142aj\u0105cych w systemie PRM\",\"datePublished\":\"2023-07-25T20:03:45+00:00\",\"dateModified\":\"2023-07-26T20:07:32+00:00\",\"mainEntityOfPage\":{\"@id\":\"https:\\\/\\\/ratmed.org\\\/index.php\\\/2023\\\/07\\\/25\\\/kolor-zolty-ambulansu-zrm-jednak-nie-tylko-dla-zrm-dzialajacych-w-systemie-prm\\\/\"},\"wordCount\":603,\"commentCount\":0,\"image\":{\"@id\":\"https:\\\/\\\/ratmed.org\\\/index.php\\\/2023\\\/07\\\/25\\\/kolor-zolty-ambulansu-zrm-jednak-nie-tylko-dla-zrm-dzialajacych-w-systemie-prm\\\/#primaryimage\"},\"thumbnailUrl\":\"https:\\\/\\\/ratmed.org\\\/wp-content\\\/uploads\\\/2023\\\/07\\\/2023-06-26-Pismo-PTRM-do-MZ-w-spr.-koloru-ambulansow-w-PRM-strona-1-FB.jpg\",\"articleSection\":[\"Uncategorized\"],\"inLanguage\":\"pl-PL\",\"potentialAction\":[{\"@type\":\"CommentAction\",\"name\":\"Comment\",\"target\":[\"https:\\\/\\\/ratmed.org\\\/index.php\\\/2023\\\/07\\\/25\\\/kolor-zolty-ambulansu-zrm-jednak-nie-tylko-dla-zrm-dzialajacych-w-systemie-prm\\\/#respond\"]}]},{\"@type\":\"WebPage\",\"@id\":\"https:\\\/\\\/ratmed.org\\\/index.php\\\/2023\\\/07\\\/25\\\/kolor-zolty-ambulansu-zrm-jednak-nie-tylko-dla-zrm-dzialajacych-w-systemie-prm\\\/\",\"url\":\"https:\\\/\\\/ratmed.org\\\/index.php\\\/2023\\\/07\\\/25\\\/kolor-zolty-ambulansu-zrm-jednak-nie-tylko-dla-zrm-dzialajacych-w-systemie-prm\\\/\",\"name\":\"Kolor \u017c\u00f3\u0142ty ambulansu ZRM jednak nie tylko dla ZRM dzia\u0142aj\u0105cych w systemie PRM -\",\"isPartOf\":{\"@id\":\"https:\\\/\\\/ratmed.org\\\/#website\"},\"primaryImageOfPage\":{\"@id\":\"https:\\\/\\\/ratmed.org\\\/index.php\\\/2023\\\/07\\\/25\\\/kolor-zolty-ambulansu-zrm-jednak-nie-tylko-dla-zrm-dzialajacych-w-systemie-prm\\\/#primaryimage\"},\"image\":{\"@id\":\"https:\\\/\\\/ratmed.org\\\/index.php\\\/2023\\\/07\\\/25\\\/kolor-zolty-ambulansu-zrm-jednak-nie-tylko-dla-zrm-dzialajacych-w-systemie-prm\\\/#primaryimage\"},\"thumbnailUrl\":\"https:\\\/\\\/ratmed.org\\\/wp-content\\\/uploads\\\/2023\\\/07\\\/2023-06-26-Pismo-PTRM-do-MZ-w-spr.-koloru-ambulansow-w-PRM-strona-1-FB.jpg\",\"datePublished\":\"2023-07-25T20:03:45+00:00\",\"dateModified\":\"2023-07-26T20:07:32+00:00\",\"author\":{\"@id\":\"https:\\\/\\\/ratmed.org\\\/#\\\/schema\\\/person\\\/2803219621d75b7faebffd3898ea5816\"},\"breadcrumb\":{\"@id\":\"https:\\\/\\\/ratmed.org\\\/index.php\\\/2023\\\/07\\\/25\\\/kolor-zolty-ambulansu-zrm-jednak-nie-tylko-dla-zrm-dzialajacych-w-systemie-prm\\\/#breadcrumb\"},\"inLanguage\":\"pl-PL\",\"potentialAction\":[{\"@type\":\"ReadAction\",\"target\":[\"https:\\\/\\\/ratmed.org\\\/index.php\\\/2023\\\/07\\\/25\\\/kolor-zolty-ambulansu-zrm-jednak-nie-tylko-dla-zrm-dzialajacych-w-systemie-prm\\\/\"]}]},{\"@type\":\"ImageObject\",\"inLanguage\":\"pl-PL\",\"@id\":\"https:\\\/\\\/ratmed.org\\\/index.php\\\/2023\\\/07\\\/25\\\/kolor-zolty-ambulansu-zrm-jednak-nie-tylko-dla-zrm-dzialajacych-w-systemie-prm\\\/#primaryimage\",\"url\":\"https:\\\/\\\/ratmed.org\\\/wp-content\\\/uploads\\\/2023\\\/07\\\/2023-06-26-Pismo-PTRM-do-MZ-w-spr.-koloru-ambulansow-w-PRM-strona-1-FB.jpg\",\"contentUrl\":\"https:\\\/\\\/ratmed.org\\\/wp-content\\\/uploads\\\/2023\\\/07\\\/2023-06-26-Pismo-PTRM-do-MZ-w-spr.-koloru-ambulansow-w-PRM-strona-1-FB.jpg\",\"width\":719,\"height\":995},{\"@type\":\"BreadcrumbList\",\"@id\":\"https:\\\/\\\/ratmed.org\\\/index.php\\\/2023\\\/07\\\/25\\\/kolor-zolty-ambulansu-zrm-jednak-nie-tylko-dla-zrm-dzialajacych-w-systemie-prm\\\/#breadcrumb\",\"itemListElement\":[{\"@type\":\"ListItem\",\"position\":1,\"name\":\"Strona g\u0142\u00f3wna\",\"item\":\"https:\\\/\\\/ratmed.org\\\/\"},{\"@type\":\"ListItem\",\"position\":2,\"name\":\"Kolor \u017c\u00f3\u0142ty ambulansu ZRM jednak nie tylko dla ZRM dzia\u0142aj\u0105cych w systemie PRM\"}]},{\"@type\":\"WebSite\",\"@id\":\"https:\\\/\\\/ratmed.org\\\/#website\",\"url\":\"https:\\\/\\\/ratmed.org\\\/\",\"name\":\"\",\"description\":\"Polskie Towarzystwo Ratownik\u00f3w Medycznych\",\"potentialAction\":[{\"@type\":\"SearchAction\",\"target\":{\"@type\":\"EntryPoint\",\"urlTemplate\":\"https:\\\/\\\/ratmed.org\\\/?s={search_term_string}\"},\"query-input\":{\"@type\":\"PropertyValueSpecification\",\"valueRequired\":true,\"valueName\":\"search_term_string\"}}],\"inLanguage\":\"pl-PL\"},{\"@type\":\"Person\",\"@id\":\"https:\\\/\\\/ratmed.org\\\/#\\\/schema\\\/person\\\/2803219621d75b7faebffd3898ea5816\",\"name\":\"szafir6\",\"image\":{\"@type\":\"ImageObject\",\"inLanguage\":\"pl-PL\",\"@id\":\"https:\\\/\\\/secure.gravatar.com\\\/avatar\\\/ba97dfecbcb5570ce62cccf7417ed5b625624478a61981e9c13c85867ff92d83?s=96&d=mm&r=g\",\"url\":\"https:\\\/\\\/secure.gravatar.com\\\/avatar\\\/ba97dfecbcb5570ce62cccf7417ed5b625624478a61981e9c13c85867ff92d83?s=96&d=mm&r=g\",\"contentUrl\":\"https:\\\/\\\/secure.gravatar.com\\\/avatar\\\/ba97dfecbcb5570ce62cccf7417ed5b625624478a61981e9c13c85867ff92d83?s=96&d=mm&r=g\",\"caption\":\"szafir6\"},\"sameAs\":[\"https:\\\/\\\/web.facebook.com\\\/Polskie-Towarzystwo-Ratownikw-Medycznych-128583367841533\\\/\"],\"url\":\"https:\\\/\\\/ratmed.org\\\/index.php\\\/author\\\/admin8617\\\/\"}]}<\/script>\n<!-- \/ Yoast SEO plugin. -->","yoast_head_json":{"title":"Kolor \u017c\u00f3\u0142ty ambulansu ZRM jednak nie tylko dla ZRM dzia\u0142aj\u0105cych w systemie PRM -","robots":{"index":"index","follow":"follow","max-snippet":"max-snippet:-1","max-image-preview":"max-image-preview:large","max-video-preview":"max-video-preview:-1"},"canonical":"https:\/\/ratmed.org\/index.php\/2023\/07\/25\/kolor-zolty-ambulansu-zrm-jednak-nie-tylko-dla-zrm-dzialajacych-w-systemie-prm\/","og_locale":"pl_PL","og_type":"article","og_title":"Kolor \u017c\u00f3\u0142ty ambulansu ZRM jednak nie tylko dla ZRM dzia\u0142aj\u0105cych w systemie PRM -","og_description":"Polskie Towarzystwo Ratownik\u00f3w Medycznych (PTRM) pozytywnie oceniaj\u0105c zmiany wprowadzone w za\u0142\u0105czniku nr 2 do rozporz\u0105dzenia Ministra Zdrowia z dnia 3 [&hellip;]","og_url":"https:\/\/ratmed.org\/index.php\/2023\/07\/25\/kolor-zolty-ambulansu-zrm-jednak-nie-tylko-dla-zrm-dzialajacych-w-systemie-prm\/","article_author":"https:\/\/web.facebook.com\/Polskie-Towarzystwo-Ratownikw-Medycznych-128583367841533\/","article_published_time":"2023-07-25T20:03:45+00:00","article_modified_time":"2023-07-26T20:07:32+00:00","og_image":[{"url":"https:\/\/ratmed.org\/wp-content\/uploads\/2023\/07\/2023-06-26-Pismo-PTRM-do-MZ-w-spr.-koloru-ambulansow-w-PRM-strona-1-FB.jpg","type":"","width":"","height":""}],"author":"szafir6","twitter_card":"summary_large_image","twitter_misc":{"Napisane przez":"szafir6","Szacowany czas czytania":"4 minuty"},"schema":{"@context":"https:\/\/schema.org","@graph":[{"@type":"Article","@id":"https:\/\/ratmed.org\/index.php\/2023\/07\/25\/kolor-zolty-ambulansu-zrm-jednak-nie-tylko-dla-zrm-dzialajacych-w-systemie-prm\/#article","isPartOf":{"@id":"https:\/\/ratmed.org\/index.php\/2023\/07\/25\/kolor-zolty-ambulansu-zrm-jednak-nie-tylko-dla-zrm-dzialajacych-w-systemie-prm\/"},"author":{"name":"szafir6","@id":"https:\/\/ratmed.org\/#\/schema\/person\/2803219621d75b7faebffd3898ea5816"},"headline":"Kolor \u017c\u00f3\u0142ty ambulansu ZRM jednak nie tylko dla ZRM dzia\u0142aj\u0105cych w systemie PRM","datePublished":"2023-07-25T20:03:45+00:00","dateModified":"2023-07-26T20:07:32+00:00","mainEntityOfPage":{"@id":"https:\/\/ratmed.org\/index.php\/2023\/07\/25\/kolor-zolty-ambulansu-zrm-jednak-nie-tylko-dla-zrm-dzialajacych-w-systemie-prm\/"},"wordCount":603,"commentCount":0,"image":{"@id":"https:\/\/ratmed.org\/index.php\/2023\/07\/25\/kolor-zolty-ambulansu-zrm-jednak-nie-tylko-dla-zrm-dzialajacych-w-systemie-prm\/#primaryimage"},"thumbnailUrl":"https:\/\/ratmed.org\/wp-content\/uploads\/2023\/07\/2023-06-26-Pismo-PTRM-do-MZ-w-spr.-koloru-ambulansow-w-PRM-strona-1-FB.jpg","articleSection":["Uncategorized"],"inLanguage":"pl-PL","potentialAction":[{"@type":"CommentAction","name":"Comment","target":["https:\/\/ratmed.org\/index.php\/2023\/07\/25\/kolor-zolty-ambulansu-zrm-jednak-nie-tylko-dla-zrm-dzialajacych-w-systemie-prm\/#respond"]}]},{"@type":"WebPage","@id":"https:\/\/ratmed.org\/index.php\/2023\/07\/25\/kolor-zolty-ambulansu-zrm-jednak-nie-tylko-dla-zrm-dzialajacych-w-systemie-prm\/","url":"https:\/\/ratmed.org\/index.php\/2023\/07\/25\/kolor-zolty-ambulansu-zrm-jednak-nie-tylko-dla-zrm-dzialajacych-w-systemie-prm\/","name":"Kolor \u017c\u00f3\u0142ty ambulansu ZRM jednak nie tylko dla ZRM dzia\u0142aj\u0105cych w systemie PRM -","isPartOf":{"@id":"https:\/\/ratmed.org\/#website"},"primaryImageOfPage":{"@id":"https:\/\/ratmed.org\/index.php\/2023\/07\/25\/kolor-zolty-ambulansu-zrm-jednak-nie-tylko-dla-zrm-dzialajacych-w-systemie-prm\/#primaryimage"},"image":{"@id":"https:\/\/ratmed.org\/index.php\/2023\/07\/25\/kolor-zolty-ambulansu-zrm-jednak-nie-tylko-dla-zrm-dzialajacych-w-systemie-prm\/#primaryimage"},"thumbnailUrl":"https:\/\/ratmed.org\/wp-content\/uploads\/2023\/07\/2023-06-26-Pismo-PTRM-do-MZ-w-spr.-koloru-ambulansow-w-PRM-strona-1-FB.jpg","datePublished":"2023-07-25T20:03:45+00:00","dateModified":"2023-07-26T20:07:32+00:00","author":{"@id":"https:\/\/ratmed.org\/#\/schema\/person\/2803219621d75b7faebffd3898ea5816"},"breadcrumb":{"@id":"https:\/\/ratmed.org\/index.php\/2023\/07\/25\/kolor-zolty-ambulansu-zrm-jednak-nie-tylko-dla-zrm-dzialajacych-w-systemie-prm\/#breadcrumb"},"inLanguage":"pl-PL","potentialAction":[{"@type":"ReadAction","target":["https:\/\/ratmed.org\/index.php\/2023\/07\/25\/kolor-zolty-ambulansu-zrm-jednak-nie-tylko-dla-zrm-dzialajacych-w-systemie-prm\/"]}]},{"@type":"ImageObject","inLanguage":"pl-PL","@id":"https:\/\/ratmed.org\/index.php\/2023\/07\/25\/kolor-zolty-ambulansu-zrm-jednak-nie-tylko-dla-zrm-dzialajacych-w-systemie-prm\/#primaryimage","url":"https:\/\/ratmed.org\/wp-content\/uploads\/2023\/07\/2023-06-26-Pismo-PTRM-do-MZ-w-spr.-koloru-ambulansow-w-PRM-strona-1-FB.jpg","contentUrl":"https:\/\/ratmed.org\/wp-content\/uploads\/2023\/07\/2023-06-26-Pismo-PTRM-do-MZ-w-spr.-koloru-ambulansow-w-PRM-strona-1-FB.jpg","width":719,"height":995},{"@type":"BreadcrumbList","@id":"https:\/\/ratmed.org\/index.php\/2023\/07\/25\/kolor-zolty-ambulansu-zrm-jednak-nie-tylko-dla-zrm-dzialajacych-w-systemie-prm\/#breadcrumb","itemListElement":[{"@type":"ListItem","position":1,"name":"Strona g\u0142\u00f3wna","item":"https:\/\/ratmed.org\/"},{"@type":"ListItem","position":2,"name":"Kolor \u017c\u00f3\u0142ty ambulansu ZRM jednak nie tylko dla ZRM dzia\u0142aj\u0105cych w systemie PRM"}]},{"@type":"WebSite","@id":"https:\/\/ratmed.org\/#website","url":"https:\/\/ratmed.org\/","name":"","description":"Polskie Towarzystwo Ratownik\u00f3w Medycznych","potentialAction":[{"@type":"SearchAction","target":{"@type":"EntryPoint","urlTemplate":"https:\/\/ratmed.org\/?s={search_term_string}"},"query-input":{"@type":"PropertyValueSpecification","valueRequired":true,"valueName":"search_term_string"}}],"inLanguage":"pl-PL"},{"@type":"Person","@id":"https:\/\/ratmed.org\/#\/schema\/person\/2803219621d75b7faebffd3898ea5816","name":"szafir6","image":{"@type":"ImageObject","inLanguage":"pl-PL","@id":"https:\/\/secure.gravatar.com\/avatar\/ba97dfecbcb5570ce62cccf7417ed5b625624478a61981e9c13c85867ff92d83?s=96&d=mm&r=g","url":"https:\/\/secure.gravatar.com\/avatar\/ba97dfecbcb5570ce62cccf7417ed5b625624478a61981e9c13c85867ff92d83?s=96&d=mm&r=g","contentUrl":"https:\/\/secure.gravatar.com\/avatar\/ba97dfecbcb5570ce62cccf7417ed5b625624478a61981e9c13c85867ff92d83?s=96&d=mm&r=g","caption":"szafir6"},"sameAs":["https:\/\/web.facebook.com\/Polskie-Towarzystwo-Ratownikw-Medycznych-128583367841533\/"],"url":"https:\/\/ratmed.org\/index.php\/author\/admin8617\/"}]}},"_links":{"self":[{"href":"https:\/\/ratmed.org\/index.php\/wp-json\/wp\/v2\/posts\/2611","targetHints":{"allow":["GET"]}}],"collection":[{"href":"https:\/\/ratmed.org\/index.php\/wp-json\/wp\/v2\/posts"}],"about":[{"href":"https:\/\/ratmed.org\/index.php\/wp-json\/wp\/v2\/types\/post"}],"author":[{"embeddable":true,"href":"https:\/\/ratmed.org\/index.php\/wp-json\/wp\/v2\/users\/1"}],"replies":[{"embeddable":true,"href":"https:\/\/ratmed.org\/index.php\/wp-json\/wp\/v2\/comments?post=2611"}],"version-history":[{"count":3,"href":"https:\/\/ratmed.org\/index.php\/wp-json\/wp\/v2\/posts\/2611\/revisions"}],"predecessor-version":[{"id":2618,"href":"https:\/\/ratmed.org\/index.php\/wp-json\/wp\/v2\/posts\/2611\/revisions\/2618"}],"wp:attachment":[{"href":"https:\/\/ratmed.org\/index.php\/wp-json\/wp\/v2\/media?parent=2611"}],"wp:term":[{"taxonomy":"category","embeddable":true,"href":"https:\/\/ratmed.org\/index.php\/wp-json\/wp\/v2\/categories?post=2611"},{"taxonomy":"post_tag","embeddable":true,"href":"https:\/\/ratmed.org\/index.php\/wp-json\/wp\/v2\/tags?post=2611"}],"curies":[{"name":"wp","href":"https:\/\/api.w.org\/{rel}","templated":true}]}}