{"id":2661,"date":"2023-08-02T11:19:29","date_gmt":"2023-08-02T10:19:29","guid":{"rendered":"https:\/\/ratmed.org\/?p=2661"},"modified":"2023-08-02T20:32:03","modified_gmt":"2023-08-02T19:32:03","slug":"znamy-program-i-ogolnopolskiego-dnia-ratownika-medycznego-2","status":"publish","type":"post","link":"https:\/\/ratmed.org\/index.php\/2023\/08\/02\/znamy-program-i-ogolnopolskiego-dnia-ratownika-medycznego-2\/","title":{"rendered":"Znamy program I Og\u00f3lnopolskiego Dnia Ratownika Medycznego"},"content":{"rendered":"<p>Zarz\u0105d Polskiego Towarzystwa Ratownik\u00f3w Medycznych opublikowa\u0142 ramowy program I Og\u00f3lnopolskiego Dnia Ratownika Medycznego. Obchody Dnia Ratownika Medycznego na mocy art. 1 ust. 2 ustawy z dnia 1 grudnia 2022 r. o zawodzie ratownika medycznego oraz samorz\u0105dzie ratownik\u00f3w medycznych (Dz. U. poz. 2705) przypadaj\u0105 co roku na dzie\u0144 8 wrze\u015bnia.<\/p>\n<p>Organizacji obchod\u00f3w tego \u015awi\u0119ta podj\u0119\u0142o si\u0119 Polskie Towarzystwo Ratownik\u00f3w Medycznych, kt\u00f3re podczas prac nad projektem ww. ustawy w Sejmie zg\u0142osi\u0142o propozycj\u0119 aby ustanowi\u0107 w\u0142a\u015bnie dzie\u0144 8 wrze\u015bnia Dniem Ratownika Medycznego, kt\u00f3ra to propozycja uzyska\u0142a aprobat\u0119 Parlamentu RP.<\/p>\n<p>Pierwsze obchody odb\u0119d\u0105 si\u0119 w &#8222;Mediatece&#8221; \u2013 Miejskiej Bibliotece Publicznej zlokalizowanej przy ul. Al. Pi\u0142sudskiego 16 w Tychach.<\/p>\n<p>W programie obchod\u00f3w przewidziano m.in. ceremoni\u0119 wr\u0119czenia sztandaru Polskiemu Towarzystwu Ratownik\u00f3w Medycznych, wr\u0119czenie odznacze\u0144 oraz podzi\u0119kowa\u0144, uczczenie minut\u0105 ciszy pami\u0119ci zmar\u0142ych ratownik\u00f3w medycznych, przem\u00f3wienia okoliczno\u015bciowe, wyk\u0142ad okoliczno\u015bciowy. Na zako\u0144czenie uroczysto\u015bci odb\u0119dzie si\u0119 koncert Orkiestry Wojskowej. Wydarzeniu temu b\u0119dzie towarzyszy\u0142a wystawa dotycz\u0105ca historii ratownictwa medycznego.<\/p>\n<p>Wst\u0119p na obchody poza osobami posiadaj\u0105cymi zaproszenie jest wolny. Zapraszamy ch\u0119tnych ratownik\u00f3w medycznych do wzi\u0119cia udzia\u0142u w obchodach.<\/p>\n<p>Patronatu Honorowego udzielili:<\/p>\n<ul>\n<li>Senator Rzeczpospolitej Polskiej, Przewodnicz\u0105ca Senackiej Komisji Zdrowia <em><strong>dr Beata Ma\u0142ecka-Libera<\/strong><\/em><\/li>\n<li>Marsza\u0142ek Wojew\u00f3dztwa \u015al\u0105skiego <em><strong>Jakub Che\u0142stowski<\/strong><\/em><\/li>\n<li>Prezydent Miasta Tychy <em><strong>Andrzej Dziuba<\/strong><\/em><\/li>\n<li>Komendant Wojew\u00f3dzki Policji w Katowicach <em><strong>nadinsp. Roman Rabsztyn<\/strong><\/em><\/li>\n<\/ul>\n<p>Poni\u017cej prezentujemy ramowy plan obchod\u00f3w Dnia Ratownika Medycznego.<\/p>\n<p>Zapraszamy ratownik\u00f3w medycznych do udzia\u0142u w tym wydarzeniu.<\/p>\n<p style=\"text-align: center;\"><strong>Ramowy program obchod\u00f3w<\/strong><\/p>\n<p style=\"text-align: center;\"><strong>Pierwszego Og\u00f3lnopolskiego Dnia Ratownika Medycznego<br \/>\n8 wrze\u015bnia 2023 r., Tychy<\/strong><\/p>\n<p style=\"text-align: center;\">Lokalizacja:\u00a0Mediateka \u2013 Miejska Biblioteka Publiczna, ul. Al. Pi\u0142sudskiego 16, 43-100 Tychy<\/p>\n<ul>\n<li><strong>10:50<\/strong>\u00a0Przekazanie przez Marsza\u0142ka Wojew\u00f3dztwa \u015al\u0105skiego oraz Dyrektora Wojew\u00f3dzkiego Pogotowia Ratunkowego w Katowicach ambulansu na rzecz Polskiego Towarzystwa Ratownik\u00f3w Medycznych<\/li>\n<li><strong>11:00<\/strong>\u00a0Rozpocz\u0119cie uroczysto\u015bci<\/li>\n<li><strong>11:20<\/strong>\u00a0Ceremonia wr\u0119czenia sztandaru Polskiemu Towarzystwu Ratownik\u00f3w Medycznych<\/li>\n<li><strong>11:35<\/strong>\u00a0Wr\u0119czenie odznacze\u0144 oraz podzi\u0119kowa\u0144<\/li>\n<li><strong>11:50<\/strong>\u00a0Uczczenie minut\u0105 ciszy pami\u0119ci Ratownik\u00f3w Medycznych<\/li>\n<li><strong>11:55<\/strong>\u00a0Przem\u00f3wienia okoliczno\u015bciowe<\/li>\n<li><strong>12:05<\/strong>\u00a0Zako\u0144czenie cz\u0119\u015bci uroczystej<\/li>\n<li><strong>12:10<\/strong>\u00a0Wyk\u0142ad okoliczno\u015bciowy<\/li>\n<li><strong>12:25<\/strong>\u00a0Koncert Orkiestry Wojskowej<\/li>\n<li><strong>13:00<\/strong>\u00a0Zako\u0144czenie uroczysto\u015bci<\/li>\n<\/ul>\n","protected":false},"excerpt":{"rendered":"<p>Zarz\u0105d Polskiego Towarzystwa Ratownik\u00f3w Medycznych opublikowa\u0142 ramowy program I Og\u00f3lnopolskiego Dnia Ratownika Medycznego. Obchody Dnia Ratownika Medycznego na mocy art. [&hellip;]<\/p>\n","protected":false},"author":1,"featured_media":0,"comment_status":"open","ping_status":"open","sticky":false,"template":"","format":"standard","meta":{"footnotes":"","_links_to":"","_links_to_target":""},"categories":[1],"tags":[],"class_list":["post-2661","post","type-post","status-publish","format-standard","hentry","category-uncategorized"],"yoast_head":"<!-- This site is optimized with the Yoast SEO plugin v27.5 - https:\/\/yoast.com\/product\/yoast-seo-wordpress\/ -->\n<title>Znamy program I Og\u00f3lnopolskiego Dnia Ratownika Medycznego -<\/title>\n<meta name=\"robots\" content=\"index, follow, max-snippet:-1, max-image-preview:large, max-video-preview:-1\" \/>\n<link rel=\"canonical\" href=\"https:\/\/ratmed.org\/index.php\/2023\/08\/02\/znamy-program-i-ogolnopolskiego-dnia-ratownika-medycznego-2\/\" \/>\n<meta property=\"og:locale\" content=\"pl_PL\" \/>\n<meta property=\"og:type\" content=\"article\" \/>\n<meta property=\"og:title\" content=\"Znamy program I Og\u00f3lnopolskiego Dnia Ratownika Medycznego -\" \/>\n<meta property=\"og:description\" content=\"Zarz\u0105d Polskiego Towarzystwa Ratownik\u00f3w Medycznych opublikowa\u0142 ramowy program I Og\u00f3lnopolskiego Dnia Ratownika Medycznego. Obchody Dnia Ratownika Medycznego na mocy art. [&hellip;]\" \/>\n<meta property=\"og:url\" content=\"https:\/\/ratmed.org\/index.php\/2023\/08\/02\/znamy-program-i-ogolnopolskiego-dnia-ratownika-medycznego-2\/\" \/>\n<meta property=\"article:author\" content=\"https:\/\/web.facebook.com\/Polskie-Towarzystwo-Ratownikw-Medycznych-128583367841533\/\" \/>\n<meta property=\"article:published_time\" content=\"2023-08-02T10:19:29+00:00\" \/>\n<meta property=\"article:modified_time\" content=\"2023-08-02T19:32:03+00:00\" \/>\n<meta name=\"author\" content=\"szafir6\" \/>\n<meta name=\"twitter:card\" content=\"summary_large_image\" \/>\n<meta name=\"twitter:label1\" content=\"Napisane przez\" \/>\n\t<meta name=\"twitter:data1\" content=\"szafir6\" \/>\n\t<meta name=\"twitter:label2\" content=\"Szacowany czas czytania\" \/>\n\t<meta name=\"twitter:data2\" content=\"2 minuty\" \/>\n<script type=\"application\/ld+json\" class=\"yoast-schema-graph\">{\"@context\":\"https:\\\/\\\/schema.org\",\"@graph\":[{\"@type\":\"Article\",\"@id\":\"https:\\\/\\\/ratmed.org\\\/index.php\\\/2023\\\/08\\\/02\\\/znamy-program-i-ogolnopolskiego-dnia-ratownika-medycznego-2\\\/#article\",\"isPartOf\":{\"@id\":\"https:\\\/\\\/ratmed.org\\\/index.php\\\/2023\\\/08\\\/02\\\/znamy-program-i-ogolnopolskiego-dnia-ratownika-medycznego-2\\\/\"},\"author\":{\"name\":\"szafir6\",\"@id\":\"https:\\\/\\\/ratmed.org\\\/#\\\/schema\\\/person\\\/2803219621d75b7faebffd3898ea5816\"},\"headline\":\"Znamy program I Og\u00f3lnopolskiego Dnia Ratownika Medycznego\",\"datePublished\":\"2023-08-02T10:19:29+00:00\",\"dateModified\":\"2023-08-02T19:32:03+00:00\",\"mainEntityOfPage\":{\"@id\":\"https:\\\/\\\/ratmed.org\\\/index.php\\\/2023\\\/08\\\/02\\\/znamy-program-i-ogolnopolskiego-dnia-ratownika-medycznego-2\\\/\"},\"wordCount\":364,\"commentCount\":0,\"articleSection\":[\"Uncategorized\"],\"inLanguage\":\"pl-PL\",\"potentialAction\":[{\"@type\":\"CommentAction\",\"name\":\"Comment\",\"target\":[\"https:\\\/\\\/ratmed.org\\\/index.php\\\/2023\\\/08\\\/02\\\/znamy-program-i-ogolnopolskiego-dnia-ratownika-medycznego-2\\\/#respond\"]}]},{\"@type\":\"WebPage\",\"@id\":\"https:\\\/\\\/ratmed.org\\\/index.php\\\/2023\\\/08\\\/02\\\/znamy-program-i-ogolnopolskiego-dnia-ratownika-medycznego-2\\\/\",\"url\":\"https:\\\/\\\/ratmed.org\\\/index.php\\\/2023\\\/08\\\/02\\\/znamy-program-i-ogolnopolskiego-dnia-ratownika-medycznego-2\\\/\",\"name\":\"Znamy program I Og\u00f3lnopolskiego Dnia Ratownika Medycznego -\",\"isPartOf\":{\"@id\":\"https:\\\/\\\/ratmed.org\\\/#website\"},\"datePublished\":\"2023-08-02T10:19:29+00:00\",\"dateModified\":\"2023-08-02T19:32:03+00:00\",\"author\":{\"@id\":\"https:\\\/\\\/ratmed.org\\\/#\\\/schema\\\/person\\\/2803219621d75b7faebffd3898ea5816\"},\"breadcrumb\":{\"@id\":\"https:\\\/\\\/ratmed.org\\\/index.php\\\/2023\\\/08\\\/02\\\/znamy-program-i-ogolnopolskiego-dnia-ratownika-medycznego-2\\\/#breadcrumb\"},\"inLanguage\":\"pl-PL\",\"potentialAction\":[{\"@type\":\"ReadAction\",\"target\":[\"https:\\\/\\\/ratmed.org\\\/index.php\\\/2023\\\/08\\\/02\\\/znamy-program-i-ogolnopolskiego-dnia-ratownika-medycznego-2\\\/\"]}]},{\"@type\":\"BreadcrumbList\",\"@id\":\"https:\\\/\\\/ratmed.org\\\/index.php\\\/2023\\\/08\\\/02\\\/znamy-program-i-ogolnopolskiego-dnia-ratownika-medycznego-2\\\/#breadcrumb\",\"itemListElement\":[{\"@type\":\"ListItem\",\"position\":1,\"name\":\"Strona g\u0142\u00f3wna\",\"item\":\"https:\\\/\\\/ratmed.org\\\/\"},{\"@type\":\"ListItem\",\"position\":2,\"name\":\"Znamy program I Og\u00f3lnopolskiego Dnia Ratownika Medycznego\"}]},{\"@type\":\"WebSite\",\"@id\":\"https:\\\/\\\/ratmed.org\\\/#website\",\"url\":\"https:\\\/\\\/ratmed.org\\\/\",\"name\":\"\",\"description\":\"Polskie Towarzystwo Ratownik\u00f3w Medycznych\",\"potentialAction\":[{\"@type\":\"SearchAction\",\"target\":{\"@type\":\"EntryPoint\",\"urlTemplate\":\"https:\\\/\\\/ratmed.org\\\/?s={search_term_string}\"},\"query-input\":{\"@type\":\"PropertyValueSpecification\",\"valueRequired\":true,\"valueName\":\"search_term_string\"}}],\"inLanguage\":\"pl-PL\"},{\"@type\":\"Person\",\"@id\":\"https:\\\/\\\/ratmed.org\\\/#\\\/schema\\\/person\\\/2803219621d75b7faebffd3898ea5816\",\"name\":\"szafir6\",\"image\":{\"@type\":\"ImageObject\",\"inLanguage\":\"pl-PL\",\"@id\":\"https:\\\/\\\/secure.gravatar.com\\\/avatar\\\/ba97dfecbcb5570ce62cccf7417ed5b625624478a61981e9c13c85867ff92d83?s=96&d=mm&r=g\",\"url\":\"https:\\\/\\\/secure.gravatar.com\\\/avatar\\\/ba97dfecbcb5570ce62cccf7417ed5b625624478a61981e9c13c85867ff92d83?s=96&d=mm&r=g\",\"contentUrl\":\"https:\\\/\\\/secure.gravatar.com\\\/avatar\\\/ba97dfecbcb5570ce62cccf7417ed5b625624478a61981e9c13c85867ff92d83?s=96&d=mm&r=g\",\"caption\":\"szafir6\"},\"sameAs\":[\"https:\\\/\\\/web.facebook.com\\\/Polskie-Towarzystwo-Ratownikw-Medycznych-128583367841533\\\/\"],\"url\":\"https:\\\/\\\/ratmed.org\\\/index.php\\\/author\\\/admin8617\\\/\"}]}<\/script>\n<!-- \/ Yoast SEO plugin. -->","yoast_head_json":{"title":"Znamy program I Og\u00f3lnopolskiego Dnia Ratownika Medycznego -","robots":{"index":"index","follow":"follow","max-snippet":"max-snippet:-1","max-image-preview":"max-image-preview:large","max-video-preview":"max-video-preview:-1"},"canonical":"https:\/\/ratmed.org\/index.php\/2023\/08\/02\/znamy-program-i-ogolnopolskiego-dnia-ratownika-medycznego-2\/","og_locale":"pl_PL","og_type":"article","og_title":"Znamy program I Og\u00f3lnopolskiego Dnia Ratownika Medycznego -","og_description":"Zarz\u0105d Polskiego Towarzystwa Ratownik\u00f3w Medycznych opublikowa\u0142 ramowy program I Og\u00f3lnopolskiego Dnia Ratownika Medycznego. Obchody Dnia Ratownika Medycznego na mocy art. [&hellip;]","og_url":"https:\/\/ratmed.org\/index.php\/2023\/08\/02\/znamy-program-i-ogolnopolskiego-dnia-ratownika-medycznego-2\/","article_author":"https:\/\/web.facebook.com\/Polskie-Towarzystwo-Ratownikw-Medycznych-128583367841533\/","article_published_time":"2023-08-02T10:19:29+00:00","article_modified_time":"2023-08-02T19:32:03+00:00","author":"szafir6","twitter_card":"summary_large_image","twitter_misc":{"Napisane przez":"szafir6","Szacowany czas czytania":"2 minuty"},"schema":{"@context":"https:\/\/schema.org","@graph":[{"@type":"Article","@id":"https:\/\/ratmed.org\/index.php\/2023\/08\/02\/znamy-program-i-ogolnopolskiego-dnia-ratownika-medycznego-2\/#article","isPartOf":{"@id":"https:\/\/ratmed.org\/index.php\/2023\/08\/02\/znamy-program-i-ogolnopolskiego-dnia-ratownika-medycznego-2\/"},"author":{"name":"szafir6","@id":"https:\/\/ratmed.org\/#\/schema\/person\/2803219621d75b7faebffd3898ea5816"},"headline":"Znamy program I Og\u00f3lnopolskiego Dnia Ratownika Medycznego","datePublished":"2023-08-02T10:19:29+00:00","dateModified":"2023-08-02T19:32:03+00:00","mainEntityOfPage":{"@id":"https:\/\/ratmed.org\/index.php\/2023\/08\/02\/znamy-program-i-ogolnopolskiego-dnia-ratownika-medycznego-2\/"},"wordCount":364,"commentCount":0,"articleSection":["Uncategorized"],"inLanguage":"pl-PL","potentialAction":[{"@type":"CommentAction","name":"Comment","target":["https:\/\/ratmed.org\/index.php\/2023\/08\/02\/znamy-program-i-ogolnopolskiego-dnia-ratownika-medycznego-2\/#respond"]}]},{"@type":"WebPage","@id":"https:\/\/ratmed.org\/index.php\/2023\/08\/02\/znamy-program-i-ogolnopolskiego-dnia-ratownika-medycznego-2\/","url":"https:\/\/ratmed.org\/index.php\/2023\/08\/02\/znamy-program-i-ogolnopolskiego-dnia-ratownika-medycznego-2\/","name":"Znamy program I Og\u00f3lnopolskiego Dnia Ratownika Medycznego -","isPartOf":{"@id":"https:\/\/ratmed.org\/#website"},"datePublished":"2023-08-02T10:19:29+00:00","dateModified":"2023-08-02T19:32:03+00:00","author":{"@id":"https:\/\/ratmed.org\/#\/schema\/person\/2803219621d75b7faebffd3898ea5816"},"breadcrumb":{"@id":"https:\/\/ratmed.org\/index.php\/2023\/08\/02\/znamy-program-i-ogolnopolskiego-dnia-ratownika-medycznego-2\/#breadcrumb"},"inLanguage":"pl-PL","potentialAction":[{"@type":"ReadAction","target":["https:\/\/ratmed.org\/index.php\/2023\/08\/02\/znamy-program-i-ogolnopolskiego-dnia-ratownika-medycznego-2\/"]}]},{"@type":"BreadcrumbList","@id":"https:\/\/ratmed.org\/index.php\/2023\/08\/02\/znamy-program-i-ogolnopolskiego-dnia-ratownika-medycznego-2\/#breadcrumb","itemListElement":[{"@type":"ListItem","position":1,"name":"Strona g\u0142\u00f3wna","item":"https:\/\/ratmed.org\/"},{"@type":"ListItem","position":2,"name":"Znamy program I Og\u00f3lnopolskiego Dnia Ratownika Medycznego"}]},{"@type":"WebSite","@id":"https:\/\/ratmed.org\/#website","url":"https:\/\/ratmed.org\/","name":"","description":"Polskie Towarzystwo Ratownik\u00f3w Medycznych","potentialAction":[{"@type":"SearchAction","target":{"@type":"EntryPoint","urlTemplate":"https:\/\/ratmed.org\/?s={search_term_string}"},"query-input":{"@type":"PropertyValueSpecification","valueRequired":true,"valueName":"search_term_string"}}],"inLanguage":"pl-PL"},{"@type":"Person","@id":"https:\/\/ratmed.org\/#\/schema\/person\/2803219621d75b7faebffd3898ea5816","name":"szafir6","image":{"@type":"ImageObject","inLanguage":"pl-PL","@id":"https:\/\/secure.gravatar.com\/avatar\/ba97dfecbcb5570ce62cccf7417ed5b625624478a61981e9c13c85867ff92d83?s=96&d=mm&r=g","url":"https:\/\/secure.gravatar.com\/avatar\/ba97dfecbcb5570ce62cccf7417ed5b625624478a61981e9c13c85867ff92d83?s=96&d=mm&r=g","contentUrl":"https:\/\/secure.gravatar.com\/avatar\/ba97dfecbcb5570ce62cccf7417ed5b625624478a61981e9c13c85867ff92d83?s=96&d=mm&r=g","caption":"szafir6"},"sameAs":["https:\/\/web.facebook.com\/Polskie-Towarzystwo-Ratownikw-Medycznych-128583367841533\/"],"url":"https:\/\/ratmed.org\/index.php\/author\/admin8617\/"}]}},"_links":{"self":[{"href":"https:\/\/ratmed.org\/index.php\/wp-json\/wp\/v2\/posts\/2661","targetHints":{"allow":["GET"]}}],"collection":[{"href":"https:\/\/ratmed.org\/index.php\/wp-json\/wp\/v2\/posts"}],"about":[{"href":"https:\/\/ratmed.org\/index.php\/wp-json\/wp\/v2\/types\/post"}],"author":[{"embeddable":true,"href":"https:\/\/ratmed.org\/index.php\/wp-json\/wp\/v2\/users\/1"}],"replies":[{"embeddable":true,"href":"https:\/\/ratmed.org\/index.php\/wp-json\/wp\/v2\/comments?post=2661"}],"version-history":[{"count":3,"href":"https:\/\/ratmed.org\/index.php\/wp-json\/wp\/v2\/posts\/2661\/revisions"}],"predecessor-version":[{"id":3973,"href":"https:\/\/ratmed.org\/index.php\/wp-json\/wp\/v2\/posts\/2661\/revisions\/3973"}],"wp:attachment":[{"href":"https:\/\/ratmed.org\/index.php\/wp-json\/wp\/v2\/media?parent=2661"}],"wp:term":[{"taxonomy":"category","embeddable":true,"href":"https:\/\/ratmed.org\/index.php\/wp-json\/wp\/v2\/categories?post=2661"},{"taxonomy":"post_tag","embeddable":true,"href":"https:\/\/ratmed.org\/index.php\/wp-json\/wp\/v2\/tags?post=2661"}],"curies":[{"name":"wp","href":"https:\/\/api.w.org\/{rel}","templated":true}]}}