{"id":2708,"date":"2023-08-05T09:05:47","date_gmt":"2023-08-05T08:05:47","guid":{"rendered":"https:\/\/ratmed.org\/?p=2708"},"modified":"2023-08-05T09:05:47","modified_gmt":"2023-08-05T08:05:47","slug":"wypowiedz-prezes-elekt-ptrm-pana-ireneusza-szafranca-dla-rynkuzdrowia-pl-plaga-atakow-na-ratownikow-medycznych-ptmr-przypomina-groza-za-to-trzy-lata-za-kratami","status":"publish","type":"post","link":"https:\/\/ratmed.org\/index.php\/2023\/08\/05\/wypowiedz-prezes-elekt-ptrm-pana-ireneusza-szafranca-dla-rynkuzdrowia-pl-plaga-atakow-na-ratownikow-medycznych-ptmr-przypomina-groza-za-to-trzy-lata-za-kratami\/","title":{"rendered":"Wypowied\u017a Prezes Elekt PTRM Pana Ireneusza Szafra\u0144ca dla Rynkuzdrowia.pl \u2013 \u201ePlaga atak\u00f3w na ratownik\u00f3w medycznych. PTMR przypomina: gro\u017c\u0105 za to trzy lata za kratami\u201d."},"content":{"rendered":"<p>Artyku\u0142 Rynkuzdrowia.pl porusza kwesti\u0119 atak\u00f3w na ratownik\u00f3w medycznych.<\/p>\n<p>Jak wskazuje prezes elekt PTRM Ireneusz Szafraniec: \u201e<em>Fizyczne ataki na ratownik\u00f3w medycznych to codzienno\u015b\u0107. A okres wakacyjny, obfituj\u0105cy w okazje do picia alkoholu, sprzyja takim zachowaniom.<\/em><\/p>\n<p><em>Jego zdaniem trzeba spo\u0142ecze\u0144stwu u\u015bwiadomi\u0107, \u017ce za napa\u015b\u0107 na wykonuj\u0105cego swoje obowi\u0105zki ratownika gro\u017c\u0105 trzy lata za kratami<\/em><\/p>\n<p><em>Szafraniec zwraca uwag\u0119, \u017ce rosn\u0105ca liczba atak\u00f3w wcale nie wi\u0105\u017ce si\u0119 z brakiem szacunku dla pracy ratownik\u00f3w. W rankingach spo\u0142ecznego zaufania Polacy plasuj\u0105 ich tu\u017c za stra\u017cakami<\/em><\/p>\n<p><em>Przyczyny ataku wed\u0142ug prezesa PTRM s\u0105 dwie. Pierwsza to s\u0142aba kondycja s\u0142u\u017cby zdrowia, kt\u00f3ra powoduje frustracje tych, kt\u00f3rzy odbili si\u0119 od drzwi lekarza rodzinnego i nie zostali przyj\u0119ci przez lekarza na SOR.<\/em>\u201d<\/p>\n<p>Pe\u0142na tre\u015b\u0107 artyku\u0142u jest dost\u0119pna pod adresem: <a href=\"https:\/\/www.rynekzdrowia.pl\/Prawo\/Plaga-atakow-na-ratownikow-medycznych-PTMR-przypomina-groza-za-to-trzy-lata-za-kratami,248204,2.html?fbclid=IwAR1I6WbhHuxGaX_dE8MLOZR9QSgkF_TIhwuCn-5_LRgifJYqTIb9aWJW-Ik\">https:\/\/www.rynekzdrowia.pl\/Prawo\/Plaga-atakow-na-ratownikow-medycznych-PTMR-przypomina-groza-za-to-trzy-lata-za-kratami,248204,2.html?fbclid=IwAR1I6WbhHuxGaX_dE8MLOZR9QSgkF_TIhwuCn-5_LRgifJYqTIb9aWJW-Ik<\/a><\/p>\n","protected":false},"excerpt":{"rendered":"<p>Artyku\u0142 Rynkuzdrowia.pl porusza kwesti\u0119 atak\u00f3w na ratownik\u00f3w medycznych. Jak wskazuje prezes elekt PTRM Ireneusz Szafraniec: \u201eFizyczne ataki na ratownik\u00f3w medycznych [&hellip;]<\/p>\n","protected":false},"author":1,"featured_media":0,"comment_status":"open","ping_status":"open","sticky":false,"template":"","format":"standard","meta":{"footnotes":"","_links_to":"","_links_to_target":""},"categories":[1],"tags":[],"class_list":["post-2708","post","type-post","status-publish","format-standard","hentry","category-uncategorized"],"yoast_head":"<!-- This site is optimized with the Yoast SEO plugin v27.5 - https:\/\/yoast.com\/product\/yoast-seo-wordpress\/ -->\n<title>Wypowied\u017a Prezes Elekt PTRM Pana Ireneusza Szafra\u0144ca dla Rynkuzdrowia.pl \u2013 \u201ePlaga atak\u00f3w na ratownik\u00f3w medycznych. PTMR przypomina: gro\u017c\u0105 za to trzy lata za kratami\u201d. -<\/title>\n<meta name=\"robots\" content=\"index, follow, max-snippet:-1, max-image-preview:large, max-video-preview:-1\" \/>\n<link rel=\"canonical\" href=\"https:\/\/ratmed.org\/index.php\/2023\/08\/05\/wypowiedz-prezes-elekt-ptrm-pana-ireneusza-szafranca-dla-rynkuzdrowia-pl-plaga-atakow-na-ratownikow-medycznych-ptmr-przypomina-groza-za-to-trzy-lata-za-kratami\/\" \/>\n<meta property=\"og:locale\" content=\"pl_PL\" \/>\n<meta property=\"og:type\" content=\"article\" \/>\n<meta property=\"og:title\" content=\"Wypowied\u017a Prezes Elekt PTRM Pana Ireneusza Szafra\u0144ca dla Rynkuzdrowia.pl \u2013 \u201ePlaga atak\u00f3w na ratownik\u00f3w medycznych. PTMR przypomina: gro\u017c\u0105 za to trzy lata za kratami\u201d. -\" \/>\n<meta property=\"og:description\" content=\"Artyku\u0142 Rynkuzdrowia.pl porusza kwesti\u0119 atak\u00f3w na ratownik\u00f3w medycznych. Jak wskazuje prezes elekt PTRM Ireneusz Szafraniec: \u201eFizyczne ataki na ratownik\u00f3w medycznych [&hellip;]\" \/>\n<meta property=\"og:url\" content=\"https:\/\/ratmed.org\/index.php\/2023\/08\/05\/wypowiedz-prezes-elekt-ptrm-pana-ireneusza-szafranca-dla-rynkuzdrowia-pl-plaga-atakow-na-ratownikow-medycznych-ptmr-przypomina-groza-za-to-trzy-lata-za-kratami\/\" \/>\n<meta property=\"article:author\" content=\"https:\/\/web.facebook.com\/Polskie-Towarzystwo-Ratownikw-Medycznych-128583367841533\/\" \/>\n<meta property=\"article:published_time\" content=\"2023-08-05T08:05:47+00:00\" \/>\n<meta name=\"author\" content=\"szafir6\" \/>\n<meta name=\"twitter:card\" content=\"summary_large_image\" \/>\n<meta name=\"twitter:label1\" content=\"Napisane przez\" \/>\n\t<meta name=\"twitter:data1\" content=\"szafir6\" \/>\n\t<meta name=\"twitter:label2\" content=\"Szacowany czas czytania\" \/>\n\t<meta name=\"twitter:data2\" content=\"1 minuta\" \/>\n<script type=\"application\/ld+json\" class=\"yoast-schema-graph\">{\"@context\":\"https:\\\/\\\/schema.org\",\"@graph\":[{\"@type\":\"Article\",\"@id\":\"https:\\\/\\\/ratmed.org\\\/index.php\\\/2023\\\/08\\\/05\\\/wypowiedz-prezes-elekt-ptrm-pana-ireneusza-szafranca-dla-rynkuzdrowia-pl-plaga-atakow-na-ratownikow-medycznych-ptmr-przypomina-groza-za-to-trzy-lata-za-kratami\\\/#article\",\"isPartOf\":{\"@id\":\"https:\\\/\\\/ratmed.org\\\/index.php\\\/2023\\\/08\\\/05\\\/wypowiedz-prezes-elekt-ptrm-pana-ireneusza-szafranca-dla-rynkuzdrowia-pl-plaga-atakow-na-ratownikow-medycznych-ptmr-przypomina-groza-za-to-trzy-lata-za-kratami\\\/\"},\"author\":{\"name\":\"szafir6\",\"@id\":\"https:\\\/\\\/ratmed.org\\\/#\\\/schema\\\/person\\\/2803219621d75b7faebffd3898ea5816\"},\"headline\":\"Wypowied\u017a Prezes Elekt PTRM Pana Ireneusza Szafra\u0144ca dla Rynkuzdrowia.pl \u2013 \u201ePlaga atak\u00f3w na ratownik\u00f3w medycznych. PTMR przypomina: gro\u017c\u0105 za to trzy lata za kratami\u201d.\",\"datePublished\":\"2023-08-05T08:05:47+00:00\",\"mainEntityOfPage\":{\"@id\":\"https:\\\/\\\/ratmed.org\\\/index.php\\\/2023\\\/08\\\/05\\\/wypowiedz-prezes-elekt-ptrm-pana-ireneusza-szafranca-dla-rynkuzdrowia-pl-plaga-atakow-na-ratownikow-medycznych-ptmr-przypomina-groza-za-to-trzy-lata-za-kratami\\\/\"},\"wordCount\":188,\"commentCount\":0,\"articleSection\":[\"Uncategorized\"],\"inLanguage\":\"pl-PL\",\"potentialAction\":[{\"@type\":\"CommentAction\",\"name\":\"Comment\",\"target\":[\"https:\\\/\\\/ratmed.org\\\/index.php\\\/2023\\\/08\\\/05\\\/wypowiedz-prezes-elekt-ptrm-pana-ireneusza-szafranca-dla-rynkuzdrowia-pl-plaga-atakow-na-ratownikow-medycznych-ptmr-przypomina-groza-za-to-trzy-lata-za-kratami\\\/#respond\"]}]},{\"@type\":\"WebPage\",\"@id\":\"https:\\\/\\\/ratmed.org\\\/index.php\\\/2023\\\/08\\\/05\\\/wypowiedz-prezes-elekt-ptrm-pana-ireneusza-szafranca-dla-rynkuzdrowia-pl-plaga-atakow-na-ratownikow-medycznych-ptmr-przypomina-groza-za-to-trzy-lata-za-kratami\\\/\",\"url\":\"https:\\\/\\\/ratmed.org\\\/index.php\\\/2023\\\/08\\\/05\\\/wypowiedz-prezes-elekt-ptrm-pana-ireneusza-szafranca-dla-rynkuzdrowia-pl-plaga-atakow-na-ratownikow-medycznych-ptmr-przypomina-groza-za-to-trzy-lata-za-kratami\\\/\",\"name\":\"Wypowied\u017a Prezes Elekt PTRM Pana Ireneusza Szafra\u0144ca dla Rynkuzdrowia.pl \u2013 \u201ePlaga atak\u00f3w na ratownik\u00f3w medycznych. PTMR przypomina: gro\u017c\u0105 za to trzy lata za kratami\u201d. -\",\"isPartOf\":{\"@id\":\"https:\\\/\\\/ratmed.org\\\/#website\"},\"datePublished\":\"2023-08-05T08:05:47+00:00\",\"author\":{\"@id\":\"https:\\\/\\\/ratmed.org\\\/#\\\/schema\\\/person\\\/2803219621d75b7faebffd3898ea5816\"},\"breadcrumb\":{\"@id\":\"https:\\\/\\\/ratmed.org\\\/index.php\\\/2023\\\/08\\\/05\\\/wypowiedz-prezes-elekt-ptrm-pana-ireneusza-szafranca-dla-rynkuzdrowia-pl-plaga-atakow-na-ratownikow-medycznych-ptmr-przypomina-groza-za-to-trzy-lata-za-kratami\\\/#breadcrumb\"},\"inLanguage\":\"pl-PL\",\"potentialAction\":[{\"@type\":\"ReadAction\",\"target\":[\"https:\\\/\\\/ratmed.org\\\/index.php\\\/2023\\\/08\\\/05\\\/wypowiedz-prezes-elekt-ptrm-pana-ireneusza-szafranca-dla-rynkuzdrowia-pl-plaga-atakow-na-ratownikow-medycznych-ptmr-przypomina-groza-za-to-trzy-lata-za-kratami\\\/\"]}]},{\"@type\":\"BreadcrumbList\",\"@id\":\"https:\\\/\\\/ratmed.org\\\/index.php\\\/2023\\\/08\\\/05\\\/wypowiedz-prezes-elekt-ptrm-pana-ireneusza-szafranca-dla-rynkuzdrowia-pl-plaga-atakow-na-ratownikow-medycznych-ptmr-przypomina-groza-za-to-trzy-lata-za-kratami\\\/#breadcrumb\",\"itemListElement\":[{\"@type\":\"ListItem\",\"position\":1,\"name\":\"Strona g\u0142\u00f3wna\",\"item\":\"https:\\\/\\\/ratmed.org\\\/\"},{\"@type\":\"ListItem\",\"position\":2,\"name\":\"Wypowied\u017a Prezes Elekt PTRM Pana Ireneusza Szafra\u0144ca dla Rynkuzdrowia.pl \u2013 \u201ePlaga atak\u00f3w na ratownik\u00f3w medycznych. PTMR przypomina: gro\u017c\u0105 za to trzy lata za kratami\u201d.\"}]},{\"@type\":\"WebSite\",\"@id\":\"https:\\\/\\\/ratmed.org\\\/#website\",\"url\":\"https:\\\/\\\/ratmed.org\\\/\",\"name\":\"\",\"description\":\"Polskie Towarzystwo Ratownik\u00f3w Medycznych\",\"potentialAction\":[{\"@type\":\"SearchAction\",\"target\":{\"@type\":\"EntryPoint\",\"urlTemplate\":\"https:\\\/\\\/ratmed.org\\\/?s={search_term_string}\"},\"query-input\":{\"@type\":\"PropertyValueSpecification\",\"valueRequired\":true,\"valueName\":\"search_term_string\"}}],\"inLanguage\":\"pl-PL\"},{\"@type\":\"Person\",\"@id\":\"https:\\\/\\\/ratmed.org\\\/#\\\/schema\\\/person\\\/2803219621d75b7faebffd3898ea5816\",\"name\":\"szafir6\",\"image\":{\"@type\":\"ImageObject\",\"inLanguage\":\"pl-PL\",\"@id\":\"https:\\\/\\\/secure.gravatar.com\\\/avatar\\\/ba97dfecbcb5570ce62cccf7417ed5b625624478a61981e9c13c85867ff92d83?s=96&d=mm&r=g\",\"url\":\"https:\\\/\\\/secure.gravatar.com\\\/avatar\\\/ba97dfecbcb5570ce62cccf7417ed5b625624478a61981e9c13c85867ff92d83?s=96&d=mm&r=g\",\"contentUrl\":\"https:\\\/\\\/secure.gravatar.com\\\/avatar\\\/ba97dfecbcb5570ce62cccf7417ed5b625624478a61981e9c13c85867ff92d83?s=96&d=mm&r=g\",\"caption\":\"szafir6\"},\"sameAs\":[\"https:\\\/\\\/web.facebook.com\\\/Polskie-Towarzystwo-Ratownikw-Medycznych-128583367841533\\\/\"],\"url\":\"https:\\\/\\\/ratmed.org\\\/index.php\\\/author\\\/admin8617\\\/\"}]}<\/script>\n<!-- \/ Yoast SEO plugin. -->","yoast_head_json":{"title":"Wypowied\u017a Prezes Elekt PTRM Pana Ireneusza Szafra\u0144ca dla Rynkuzdrowia.pl \u2013 \u201ePlaga atak\u00f3w na ratownik\u00f3w medycznych. PTMR przypomina: gro\u017c\u0105 za to trzy lata za kratami\u201d. -","robots":{"index":"index","follow":"follow","max-snippet":"max-snippet:-1","max-image-preview":"max-image-preview:large","max-video-preview":"max-video-preview:-1"},"canonical":"https:\/\/ratmed.org\/index.php\/2023\/08\/05\/wypowiedz-prezes-elekt-ptrm-pana-ireneusza-szafranca-dla-rynkuzdrowia-pl-plaga-atakow-na-ratownikow-medycznych-ptmr-przypomina-groza-za-to-trzy-lata-za-kratami\/","og_locale":"pl_PL","og_type":"article","og_title":"Wypowied\u017a Prezes Elekt PTRM Pana Ireneusza Szafra\u0144ca dla Rynkuzdrowia.pl \u2013 \u201ePlaga atak\u00f3w na ratownik\u00f3w medycznych. PTMR przypomina: gro\u017c\u0105 za to trzy lata za kratami\u201d. -","og_description":"Artyku\u0142 Rynkuzdrowia.pl porusza kwesti\u0119 atak\u00f3w na ratownik\u00f3w medycznych. Jak wskazuje prezes elekt PTRM Ireneusz Szafraniec: \u201eFizyczne ataki na ratownik\u00f3w medycznych [&hellip;]","og_url":"https:\/\/ratmed.org\/index.php\/2023\/08\/05\/wypowiedz-prezes-elekt-ptrm-pana-ireneusza-szafranca-dla-rynkuzdrowia-pl-plaga-atakow-na-ratownikow-medycznych-ptmr-przypomina-groza-za-to-trzy-lata-za-kratami\/","article_author":"https:\/\/web.facebook.com\/Polskie-Towarzystwo-Ratownikw-Medycznych-128583367841533\/","article_published_time":"2023-08-05T08:05:47+00:00","author":"szafir6","twitter_card":"summary_large_image","twitter_misc":{"Napisane przez":"szafir6","Szacowany czas czytania":"1 minuta"},"schema":{"@context":"https:\/\/schema.org","@graph":[{"@type":"Article","@id":"https:\/\/ratmed.org\/index.php\/2023\/08\/05\/wypowiedz-prezes-elekt-ptrm-pana-ireneusza-szafranca-dla-rynkuzdrowia-pl-plaga-atakow-na-ratownikow-medycznych-ptmr-przypomina-groza-za-to-trzy-lata-za-kratami\/#article","isPartOf":{"@id":"https:\/\/ratmed.org\/index.php\/2023\/08\/05\/wypowiedz-prezes-elekt-ptrm-pana-ireneusza-szafranca-dla-rynkuzdrowia-pl-plaga-atakow-na-ratownikow-medycznych-ptmr-przypomina-groza-za-to-trzy-lata-za-kratami\/"},"author":{"name":"szafir6","@id":"https:\/\/ratmed.org\/#\/schema\/person\/2803219621d75b7faebffd3898ea5816"},"headline":"Wypowied\u017a Prezes Elekt PTRM Pana Ireneusza Szafra\u0144ca dla Rynkuzdrowia.pl \u2013 \u201ePlaga atak\u00f3w na ratownik\u00f3w medycznych. PTMR przypomina: gro\u017c\u0105 za to trzy lata za kratami\u201d.","datePublished":"2023-08-05T08:05:47+00:00","mainEntityOfPage":{"@id":"https:\/\/ratmed.org\/index.php\/2023\/08\/05\/wypowiedz-prezes-elekt-ptrm-pana-ireneusza-szafranca-dla-rynkuzdrowia-pl-plaga-atakow-na-ratownikow-medycznych-ptmr-przypomina-groza-za-to-trzy-lata-za-kratami\/"},"wordCount":188,"commentCount":0,"articleSection":["Uncategorized"],"inLanguage":"pl-PL","potentialAction":[{"@type":"CommentAction","name":"Comment","target":["https:\/\/ratmed.org\/index.php\/2023\/08\/05\/wypowiedz-prezes-elekt-ptrm-pana-ireneusza-szafranca-dla-rynkuzdrowia-pl-plaga-atakow-na-ratownikow-medycznych-ptmr-przypomina-groza-za-to-trzy-lata-za-kratami\/#respond"]}]},{"@type":"WebPage","@id":"https:\/\/ratmed.org\/index.php\/2023\/08\/05\/wypowiedz-prezes-elekt-ptrm-pana-ireneusza-szafranca-dla-rynkuzdrowia-pl-plaga-atakow-na-ratownikow-medycznych-ptmr-przypomina-groza-za-to-trzy-lata-za-kratami\/","url":"https:\/\/ratmed.org\/index.php\/2023\/08\/05\/wypowiedz-prezes-elekt-ptrm-pana-ireneusza-szafranca-dla-rynkuzdrowia-pl-plaga-atakow-na-ratownikow-medycznych-ptmr-przypomina-groza-za-to-trzy-lata-za-kratami\/","name":"Wypowied\u017a Prezes Elekt PTRM Pana Ireneusza Szafra\u0144ca dla Rynkuzdrowia.pl \u2013 \u201ePlaga atak\u00f3w na ratownik\u00f3w medycznych. PTMR przypomina: gro\u017c\u0105 za to trzy lata za kratami\u201d. -","isPartOf":{"@id":"https:\/\/ratmed.org\/#website"},"datePublished":"2023-08-05T08:05:47+00:00","author":{"@id":"https:\/\/ratmed.org\/#\/schema\/person\/2803219621d75b7faebffd3898ea5816"},"breadcrumb":{"@id":"https:\/\/ratmed.org\/index.php\/2023\/08\/05\/wypowiedz-prezes-elekt-ptrm-pana-ireneusza-szafranca-dla-rynkuzdrowia-pl-plaga-atakow-na-ratownikow-medycznych-ptmr-przypomina-groza-za-to-trzy-lata-za-kratami\/#breadcrumb"},"inLanguage":"pl-PL","potentialAction":[{"@type":"ReadAction","target":["https:\/\/ratmed.org\/index.php\/2023\/08\/05\/wypowiedz-prezes-elekt-ptrm-pana-ireneusza-szafranca-dla-rynkuzdrowia-pl-plaga-atakow-na-ratownikow-medycznych-ptmr-przypomina-groza-za-to-trzy-lata-za-kratami\/"]}]},{"@type":"BreadcrumbList","@id":"https:\/\/ratmed.org\/index.php\/2023\/08\/05\/wypowiedz-prezes-elekt-ptrm-pana-ireneusza-szafranca-dla-rynkuzdrowia-pl-plaga-atakow-na-ratownikow-medycznych-ptmr-przypomina-groza-za-to-trzy-lata-za-kratami\/#breadcrumb","itemListElement":[{"@type":"ListItem","position":1,"name":"Strona g\u0142\u00f3wna","item":"https:\/\/ratmed.org\/"},{"@type":"ListItem","position":2,"name":"Wypowied\u017a Prezes Elekt PTRM Pana Ireneusza Szafra\u0144ca dla Rynkuzdrowia.pl \u2013 \u201ePlaga atak\u00f3w na ratownik\u00f3w medycznych. PTMR przypomina: gro\u017c\u0105 za to trzy lata za kratami\u201d."}]},{"@type":"WebSite","@id":"https:\/\/ratmed.org\/#website","url":"https:\/\/ratmed.org\/","name":"","description":"Polskie Towarzystwo Ratownik\u00f3w Medycznych","potentialAction":[{"@type":"SearchAction","target":{"@type":"EntryPoint","urlTemplate":"https:\/\/ratmed.org\/?s={search_term_string}"},"query-input":{"@type":"PropertyValueSpecification","valueRequired":true,"valueName":"search_term_string"}}],"inLanguage":"pl-PL"},{"@type":"Person","@id":"https:\/\/ratmed.org\/#\/schema\/person\/2803219621d75b7faebffd3898ea5816","name":"szafir6","image":{"@type":"ImageObject","inLanguage":"pl-PL","@id":"https:\/\/secure.gravatar.com\/avatar\/ba97dfecbcb5570ce62cccf7417ed5b625624478a61981e9c13c85867ff92d83?s=96&d=mm&r=g","url":"https:\/\/secure.gravatar.com\/avatar\/ba97dfecbcb5570ce62cccf7417ed5b625624478a61981e9c13c85867ff92d83?s=96&d=mm&r=g","contentUrl":"https:\/\/secure.gravatar.com\/avatar\/ba97dfecbcb5570ce62cccf7417ed5b625624478a61981e9c13c85867ff92d83?s=96&d=mm&r=g","caption":"szafir6"},"sameAs":["https:\/\/web.facebook.com\/Polskie-Towarzystwo-Ratownikw-Medycznych-128583367841533\/"],"url":"https:\/\/ratmed.org\/index.php\/author\/admin8617\/"}]}},"_links":{"self":[{"href":"https:\/\/ratmed.org\/index.php\/wp-json\/wp\/v2\/posts\/2708","targetHints":{"allow":["GET"]}}],"collection":[{"href":"https:\/\/ratmed.org\/index.php\/wp-json\/wp\/v2\/posts"}],"about":[{"href":"https:\/\/ratmed.org\/index.php\/wp-json\/wp\/v2\/types\/post"}],"author":[{"embeddable":true,"href":"https:\/\/ratmed.org\/index.php\/wp-json\/wp\/v2\/users\/1"}],"replies":[{"embeddable":true,"href":"https:\/\/ratmed.org\/index.php\/wp-json\/wp\/v2\/comments?post=2708"}],"version-history":[{"count":1,"href":"https:\/\/ratmed.org\/index.php\/wp-json\/wp\/v2\/posts\/2708\/revisions"}],"predecessor-version":[{"id":2709,"href":"https:\/\/ratmed.org\/index.php\/wp-json\/wp\/v2\/posts\/2708\/revisions\/2709"}],"wp:attachment":[{"href":"https:\/\/ratmed.org\/index.php\/wp-json\/wp\/v2\/media?parent=2708"}],"wp:term":[{"taxonomy":"category","embeddable":true,"href":"https:\/\/ratmed.org\/index.php\/wp-json\/wp\/v2\/categories?post=2708"},{"taxonomy":"post_tag","embeddable":true,"href":"https:\/\/ratmed.org\/index.php\/wp-json\/wp\/v2\/tags?post=2708"}],"curies":[{"name":"wp","href":"https:\/\/api.w.org\/{rel}","templated":true}]}}