{"id":2788,"date":"2023-08-24T09:17:51","date_gmt":"2023-08-24T08:17:51","guid":{"rendered":"https:\/\/ratmed.org\/?p=2788"},"modified":"2023-08-24T09:17:51","modified_gmt":"2023-08-24T08:17:51","slug":"ptrm-apeluje-do-departamentu-bezpieczenstwa-ministerstwa-zdrowia-o-wsparcie-dzialan-zmierzajacych-do-ujednolicenia-koloru-specjalistycznego-srodka-transportu-sanitarnego-wykorzystywanego-przez-zespoly","status":"publish","type":"post","link":"https:\/\/ratmed.org\/index.php\/2023\/08\/24\/ptrm-apeluje-do-departamentu-bezpieczenstwa-ministerstwa-zdrowia-o-wsparcie-dzialan-zmierzajacych-do-ujednolicenia-koloru-specjalistycznego-srodka-transportu-sanitarnego-wykorzystywanego-przez-zespoly\/","title":{"rendered":"PTRM apeluje do Departamentu Bezpiecze\u0144stwa Ministerstwa Zdrowia o wsparcie dzia\u0142a\u0144 zmierzaj\u0105cych do ujednolicenia koloru specjalistycznego \u015brodka transportu sanitarnego wykorzystywanego przez zespo\u0142y ratownictwa medycznego w systemie PRM oraz w transporcie sanitarnym"},"content":{"rendered":"<p>Jest to kontynuacja dzia\u0142a\u0144 prowadzonych przez Polskie Towarzystwo Ratownik\u00f3w Medycznych (PTRM) w temacie zwi\u0105zanym z ujednoliceniem koloru specjalistycznego \u015brodka transportu sanitarnego wykorzystywanego przez zespo\u0142y ratownictwa medycznego w systemie Pa\u0144stwowe Ratownictwo Medyczne (PRM) oraz w transporcie sanitarnym.<\/p>\n<p>Jak ju\u017c informowali\u015bmy wcze\u015bniej PTRM w pi\u015bmie z dnia 2 sierpnia 2023 r., znak: PTRM 98\/08\/606\/2023, wyst\u0105pi\u0142o do Pani Renaty Rychter, Dyrektora Departamentu Transportu Drogowego w Ministerstwie Infrastruktury, w sprawie przeprowadzenia nowelizacji rozporz\u0105dzenia Ministra Infrastruktury z dnia 31 grudnia 2002 r. w sprawie warunk\u00f3w technicznych pojazd\u00f3w oraz zakresu ich niezb\u0119dnego wyposa\u017cenia (t. j. z 2016 r. poz. 2022, z p\u00f3\u017an. zm.) \u2013 zwanego dalej: \u201erozporz\u0105dzeniem w sprawie warunk\u00f3w technicznych pojazd\u00f3w\u201d, w zakresie zmiany przepis\u00f3w \u00a7 28, kt\u00f3re obecnie okre\u015blaj\u0105 barw\u0119 oraz spos\u00f3b oznaczenia karetki sanitarnej oraz karetki reanimacyjnej.<\/p>\n<p>Weryfikuj\u0105c przepisy przywo\u0142anego rozporz\u0105dzenia w sprawie warunk\u00f3w technicznych pojazd\u00f3w jednoznacznie nale\u017cy stwierdzi\u0107, \u017ce nie uwzgl\u0119dniaj\u0105 one zmian jakie zasz\u0142y w systemie ochrony zdrowia w obszarze ratownictwa medycznego oraz transportu sanitarnego. Od wielu lat nie wyst\u0119puj\u0105 ju\u017c \u201ekaretki reanimacyjne\u201d w ich miejsce od 2006 roku funkcjonuj\u0105 podstawowe i specjalistyczne zespo\u0142y ratownictwa medycznego. Po wej\u015bciu w \u017cycie rozporz\u0105dzenia Ministra Zdrowia z dnia 3 stycznia 2023 r. w sprawie oznaczenia systemu Pa\u0144stwowe Ratownictwo Medyczne oraz wymaga\u0144 w zakresie umundurowania cz\u0142onk\u00f3w zespo\u0142\u00f3w ratownictwa medycznego (Dz. U. z 2023 r. poz. 118), kolor \u017c\u00f3\u0142ty nie powinien by\u0107 dost\u0119pny dla ambulans\u00f3w funkcjonuj\u0105cych poza systemem PRM wykorzystywanych do realizacji dzia\u0142alno\u015bci gospodarczej w zakresie us\u0142ug transportu sanitarnego.<\/p>\n<p>PTRM w pi\u015bmie z dnia 21 sierpnia 2023 r. (znak: PTRM 108\/08\/616\/2023), do Departamentu Bezpiecze\u0144stwa Ministerstwa Zdrowia apeluje o wsparcie dzia\u0142a\u0144 zmierzaj\u0105cych do ujednolicenia koloru specjalistycznego \u015brodka transportu sanitarnego wykorzystywanego przez zespo\u0142y ratownictwa medycznego w systemie PRM. Jednocze\u015bnie zg\u0142asza gotowo\u015b\u0107 do merytorycznej wsp\u00f3\u0142pracy celem wypracowania najlepszego rozwi\u0105zania dla opisywanego obszaru.<\/p>\n<p>W przes\u0142anym do Ministerstwa Zdrowia pi\u015bmie PTRM przekaza\u0142o wypracowan\u0105 propozycj\u0119 zmiany brzmienia przepis\u00f3w \u00a7 28 rozporz\u0105dzeniem w sprawie warunk\u00f3w technicznych pojazd\u00f3w, kt\u00f3re brzmi\u0105 nast\u0119puj\u0105co:<\/p>\n<p>\u201e<em>1. Pojazd drogowy b\u0119d\u0105cy specjalistycznym \u015brodkiem transportu sanitarnego wykorzystywany przez zespo\u0142y ratownictwa medycznego w systemie Pa\u0144stwowe Ratownictwo Medyczne, ma mie\u0107 barw\u0119 \u017c\u00f3\u0142t\u0105 (CMYK 10,0,90,0) i by\u0107 oznakowany w spos\u00f3b okre\u015blony w rozporz\u0105dzeniu ministra w\u0142a\u015bciwego do spraw zdrowia, o kt\u00f3rym mowa w art. 38 ust. 3 ustawy z dnia 8 wrze\u015bnia 2006 r. o Pa\u0144stwowym Ratownictwie Medycznym (Dz. U. z 2022 r. poz. 1720, 1733, 2705 i 2770).<\/em><\/p>\n<p><em>2. Pojazd drogowy b\u0119d\u0105cy specjalistycznym \u015brodkiem transportu wykorzystywany na potrzeby realizacji transportu sanitarnego, o kt\u00f3rym mowa w art. 161ba ust. 1 z dnia 27 sierpnia<br \/>\n2004 r. o \u015bwiadczeniach opieki zdrowotnej finansowanych ze \u015brodk\u00f3w publicznych<br \/>\n(Dz. U. z 2022 r. poz. 2561, 2674, 2770, z 2023 r. poz. 605, 650, 658, 1234), ma mie\u0107 barw\u0119 bia\u0142\u0105 i jest oznakowany:<\/em><\/p>\n<p style=\"padding-left: 40px;\"><em>1) napisem lustrzanym \u201eTRANSPORT SANITARNY\u201d barwy czerwonej, o wysoko\u015bci liter co najmniej 20 cm, umieszczonym z przodu pojazdu;<br \/>\n<\/em><em>2) napisem \u201eTRANSPORT SANITARNY\u201d barwy czerwonej, o wysoko\u015bci liter co najmniej 10 cm z ty\u0142u pojazdu;<br \/>\n<\/em><em>3) po bokach liter\u0105 \u201eT\u201d barwy czerwonej umieszczon\u0105 w okr\u0119gu barwy czerwonej o grubo\u015bci linii 4 cm i \u015brednicy co najmniej 40 cm;<br \/>\n<\/em><em>4) trzema pasami odblaskowymi:<br \/>\n<\/em><em>\u00a0 \u00a0 \u00a0 \u00a0 \u00a0 \u00a0 a) pasem barwy czerwonej, o szeroko\u015bci 15 cm, umieszczonym wok\u00f3\u0142 dachu,<br \/>\n<\/em><em>\u00a0 \u00a0 \u00a0 \u00a0 \u00a0 \u00a0 b) pasem barwy czerwonej, o szeroko\u015bci 15 cm, umieszczonym mi\u0119dzy lini\u0105 okien a nadkolami,<br \/>\n<\/em><em>\u00a0 \u00a0 \u00a0 \u00a0 \u00a0 \u00a0 c) pasem barwy niebieskiej, o szeroko\u015bci 15 cm umieszczonym bezpo\u015brednio nad pasem, o kt\u00f3rym mowa w lit. b;<\/em><\/p>\n<p style=\"padding-left: 40px;\"><em>5) logotypem podmiotu realizuj\u0105cego transport sanitarny zawieraj\u0105cym nazw\u0119 tego podmiotu, umieszczonymi po bokach pojazdu w dolnej cz\u0119\u015bci drzwi kierowcy i pasa\u017cera z przodu pojazdu oraz na tylnych drzwiach pojazdu w ich dolnej cz\u0119\u015bci po lewej stronie.<\/em>\u201d.<\/p>\n<p>Ca\u0142o\u015b\u0107 korespondencji w powy\u017cszej sprawie publikujemy poni\u017cej. Obecnie oczekujemy na odpowied\u017a na pismo PTRM z dnia 2 sierpnia 2023 r. (znak: PTRM 98\/08\/606\/2023), kierowane do Pani Renaty Rychter, Dyrektora Departamentu Transportu Drogowego w Ministerstwie Infrastruktury.<\/p>\n<p><img loading=\"lazy\" decoding=\"async\" class=\"size-large wp-image-2789 aligncenter\" src=\"https:\/\/ratmed.org\/wp-content\/uploads\/2023\/08\/2023-08-21-Pismo-do-P.-Dyr.-Tuderek-Dep.-Bezpieczenstwa-MZ-w-spr.-koloru-ambulansow-poza-PRM-strpna-nr-1-FB-742x1024.jpg\" alt=\"\" width=\"742\" height=\"1024\" srcset=\"https:\/\/ratmed.org\/wp-content\/uploads\/2023\/08\/2023-08-21-Pismo-do-P.-Dyr.-Tuderek-Dep.-Bezpieczenstwa-MZ-w-spr.-koloru-ambulansow-poza-PRM-strpna-nr-1-FB-742x1024.jpg 742w, https:\/\/ratmed.org\/wp-content\/uploads\/2023\/08\/2023-08-21-Pismo-do-P.-Dyr.-Tuderek-Dep.-Bezpieczenstwa-MZ-w-spr.-koloru-ambulansow-poza-PRM-strpna-nr-1-FB-217x300.jpg 217w, https:\/\/ratmed.org\/wp-content\/uploads\/2023\/08\/2023-08-21-Pismo-do-P.-Dyr.-Tuderek-Dep.-Bezpieczenstwa-MZ-w-spr.-koloru-ambulansow-poza-PRM-strpna-nr-1-FB-768x1060.jpg 768w, https:\/\/ratmed.org\/wp-content\/uploads\/2023\/08\/2023-08-21-Pismo-do-P.-Dyr.-Tuderek-Dep.-Bezpieczenstwa-MZ-w-spr.-koloru-ambulansow-poza-PRM-strpna-nr-1-FB.jpg 916w\" sizes=\"auto, (max-width: 742px) 100vw, 742px\" \/><\/p>\n<p><img loading=\"lazy\" decoding=\"async\" class=\"size-large wp-image-2790 aligncenter\" src=\"https:\/\/ratmed.org\/wp-content\/uploads\/2023\/08\/2023-08-21-Pismo-do-P.-Dyr.-Tuderek-Dep.-Bezpieczenstwa-MZ-w-spr.-koloru-ambulansow-poza-PRM-strpna-nr-2-FB-741x1024.jpg\" alt=\"\" width=\"741\" height=\"1024\" srcset=\"https:\/\/ratmed.org\/wp-content\/uploads\/2023\/08\/2023-08-21-Pismo-do-P.-Dyr.-Tuderek-Dep.-Bezpieczenstwa-MZ-w-spr.-koloru-ambulansow-poza-PRM-strpna-nr-2-FB-741x1024.jpg 741w, https:\/\/ratmed.org\/wp-content\/uploads\/2023\/08\/2023-08-21-Pismo-do-P.-Dyr.-Tuderek-Dep.-Bezpieczenstwa-MZ-w-spr.-koloru-ambulansow-poza-PRM-strpna-nr-2-FB-217x300.jpg 217w, https:\/\/ratmed.org\/wp-content\/uploads\/2023\/08\/2023-08-21-Pismo-do-P.-Dyr.-Tuderek-Dep.-Bezpieczenstwa-MZ-w-spr.-koloru-ambulansow-poza-PRM-strpna-nr-2-FB-768x1061.jpg 768w, https:\/\/ratmed.org\/wp-content\/uploads\/2023\/08\/2023-08-21-Pismo-do-P.-Dyr.-Tuderek-Dep.-Bezpieczenstwa-MZ-w-spr.-koloru-ambulansow-poza-PRM-strpna-nr-2-FB.jpg 915w\" sizes=\"auto, (max-width: 741px) 100vw, 741px\" \/><\/p>\n<p>&nbsp;<\/p>\n<p><img loading=\"lazy\" decoding=\"async\" class=\"size-full wp-image-2791 aligncenter\" src=\"https:\/\/ratmed.org\/wp-content\/uploads\/2023\/08\/2023-08-03-Pismo-do-Min.-Transportu-w-spr.-koloru-ambulansow-poza-PRM-strona-1-FB.docx.jpg\" alt=\"\" width=\"716\" height=\"991\" srcset=\"https:\/\/ratmed.org\/wp-content\/uploads\/2023\/08\/2023-08-03-Pismo-do-Min.-Transportu-w-spr.-koloru-ambulansow-poza-PRM-strona-1-FB.docx.jpg 716w, https:\/\/ratmed.org\/wp-content\/uploads\/2023\/08\/2023-08-03-Pismo-do-Min.-Transportu-w-spr.-koloru-ambulansow-poza-PRM-strona-1-FB.docx-217x300.jpg 217w\" sizes=\"auto, (max-width: 716px) 100vw, 716px\" \/><\/p>\n<p>&nbsp;<\/p>\n<p><img loading=\"lazy\" decoding=\"async\" class=\"size-full wp-image-2792 aligncenter\" src=\"https:\/\/ratmed.org\/wp-content\/uploads\/2023\/08\/2023-08-03-Pismo-do-Min.-Transportu-w-spr.-koloru-ambulansow-poza-PRM-strona-2-FB.docx.jpg\" alt=\"\" width=\"719\" height=\"992\" srcset=\"https:\/\/ratmed.org\/wp-content\/uploads\/2023\/08\/2023-08-03-Pismo-do-Min.-Transportu-w-spr.-koloru-ambulansow-poza-PRM-strona-2-FB.docx.jpg 719w, https:\/\/ratmed.org\/wp-content\/uploads\/2023\/08\/2023-08-03-Pismo-do-Min.-Transportu-w-spr.-koloru-ambulansow-poza-PRM-strona-2-FB.docx-217x300.jpg 217w\" sizes=\"auto, (max-width: 719px) 100vw, 719px\" \/><\/p>\n<p><img loading=\"lazy\" decoding=\"async\" class=\"size-full wp-image-2793 aligncenter\" src=\"https:\/\/ratmed.org\/wp-content\/uploads\/2023\/08\/2023-08-03-Pismo-do-Min.-Transportu-w-spr.-koloru-ambulansow-poza-PRM-strona-3-FB.docx.jpg\" alt=\"\" width=\"717\" height=\"993\" srcset=\"https:\/\/ratmed.org\/wp-content\/uploads\/2023\/08\/2023-08-03-Pismo-do-Min.-Transportu-w-spr.-koloru-ambulansow-poza-PRM-strona-3-FB.docx.jpg 717w, https:\/\/ratmed.org\/wp-content\/uploads\/2023\/08\/2023-08-03-Pismo-do-Min.-Transportu-w-spr.-koloru-ambulansow-poza-PRM-strona-3-FB.docx-217x300.jpg 217w\" sizes=\"auto, (max-width: 717px) 100vw, 717px\" \/><\/p>\n<p>&nbsp;<\/p>\n<p><img loading=\"lazy\" decoding=\"async\" class=\"size-full wp-image-2794 aligncenter\" src=\"https:\/\/ratmed.org\/wp-content\/uploads\/2023\/08\/2023-07-14-Odpowiedz-MZ-DB-w-spr.-koloru-ambulansow-w-PRM.jpg\" alt=\"\" width=\"605\" height=\"847\" srcset=\"https:\/\/ratmed.org\/wp-content\/uploads\/2023\/08\/2023-07-14-Odpowiedz-MZ-DB-w-spr.-koloru-ambulansow-w-PRM.jpg 605w, https:\/\/ratmed.org\/wp-content\/uploads\/2023\/08\/2023-07-14-Odpowiedz-MZ-DB-w-spr.-koloru-ambulansow-w-PRM-214x300.jpg 214w\" sizes=\"auto, (max-width: 605px) 100vw, 605px\" \/><\/p>\n<p><img loading=\"lazy\" decoding=\"async\" class=\"size-full wp-image-2795 aligncenter\" src=\"https:\/\/ratmed.org\/wp-content\/uploads\/2023\/08\/2023-06-26-Pismo-PTRM-do-MZ-w-spr.-koloru-ambulansow-w-PRM-strona-1-FB.jpg\" alt=\"\" width=\"719\" height=\"995\" srcset=\"https:\/\/ratmed.org\/wp-content\/uploads\/2023\/08\/2023-06-26-Pismo-PTRM-do-MZ-w-spr.-koloru-ambulansow-w-PRM-strona-1-FB.jpg 719w, https:\/\/ratmed.org\/wp-content\/uploads\/2023\/08\/2023-06-26-Pismo-PTRM-do-MZ-w-spr.-koloru-ambulansow-w-PRM-strona-1-FB-217x300.jpg 217w\" sizes=\"auto, (max-width: 719px) 100vw, 719px\" \/><\/p>\n<p><img loading=\"lazy\" decoding=\"async\" class=\"size-full wp-image-2796 aligncenter\" src=\"https:\/\/ratmed.org\/wp-content\/uploads\/2023\/08\/2023-06-26-Pismo-PTRM-do-MZ-w-spr.-koloru-ambulansow-w-PRM-strona-2-FB.jpg\" alt=\"\" width=\"719\" height=\"994\" srcset=\"https:\/\/ratmed.org\/wp-content\/uploads\/2023\/08\/2023-06-26-Pismo-PTRM-do-MZ-w-spr.-koloru-ambulansow-w-PRM-strona-2-FB.jpg 719w, https:\/\/ratmed.org\/wp-content\/uploads\/2023\/08\/2023-06-26-Pismo-PTRM-do-MZ-w-spr.-koloru-ambulansow-w-PRM-strona-2-FB-217x300.jpg 217w\" sizes=\"auto, (max-width: 719px) 100vw, 719px\" \/><\/p>\n<p>&nbsp;<\/p>\n","protected":false},"excerpt":{"rendered":"<p>Jest to kontynuacja dzia\u0142a\u0144 prowadzonych przez Polskie Towarzystwo Ratownik\u00f3w Medycznych (PTRM) w temacie zwi\u0105zanym z ujednoliceniem koloru specjalistycznego \u015brodka transportu [&hellip;]<\/p>\n","protected":false},"author":1,"featured_media":0,"comment_status":"open","ping_status":"open","sticky":false,"template":"","format":"standard","meta":{"footnotes":"","_links_to":"","_links_to_target":""},"categories":[1],"tags":[],"class_list":["post-2788","post","type-post","status-publish","format-standard","hentry","category-uncategorized"],"yoast_head":"<!-- This site is optimized with the Yoast SEO plugin v27.5 - https:\/\/yoast.com\/product\/yoast-seo-wordpress\/ -->\n<title>PTRM apeluje do Departamentu Bezpiecze\u0144stwa Ministerstwa Zdrowia o wsparcie dzia\u0142a\u0144 zmierzaj\u0105cych do ujednolicenia koloru specjalistycznego \u015brodka transportu sanitarnego wykorzystywanego przez zespo\u0142y ratownictwa medycznego w systemie PRM oraz w transporcie sanitarnym -<\/title>\n<meta name=\"robots\" content=\"index, follow, max-snippet:-1, max-image-preview:large, max-video-preview:-1\" \/>\n<link rel=\"canonical\" href=\"https:\/\/ratmed.org\/index.php\/2023\/08\/24\/ptrm-apeluje-do-departamentu-bezpieczenstwa-ministerstwa-zdrowia-o-wsparcie-dzialan-zmierzajacych-do-ujednolicenia-koloru-specjalistycznego-srodka-transportu-sanitarnego-wykorzystywanego-przez-zespoly\/\" \/>\n<meta property=\"og:locale\" content=\"pl_PL\" \/>\n<meta property=\"og:type\" content=\"article\" \/>\n<meta property=\"og:title\" content=\"PTRM apeluje do Departamentu Bezpiecze\u0144stwa Ministerstwa Zdrowia o wsparcie dzia\u0142a\u0144 zmierzaj\u0105cych do ujednolicenia koloru specjalistycznego \u015brodka transportu sanitarnego wykorzystywanego przez zespo\u0142y ratownictwa medycznego w systemie PRM oraz w transporcie sanitarnym -\" \/>\n<meta property=\"og:description\" content=\"Jest to kontynuacja dzia\u0142a\u0144 prowadzonych przez Polskie Towarzystwo Ratownik\u00f3w Medycznych (PTRM) w temacie zwi\u0105zanym z ujednoliceniem koloru specjalistycznego \u015brodka transportu [&hellip;]\" \/>\n<meta property=\"og:url\" content=\"https:\/\/ratmed.org\/index.php\/2023\/08\/24\/ptrm-apeluje-do-departamentu-bezpieczenstwa-ministerstwa-zdrowia-o-wsparcie-dzialan-zmierzajacych-do-ujednolicenia-koloru-specjalistycznego-srodka-transportu-sanitarnego-wykorzystywanego-przez-zespoly\/\" \/>\n<meta property=\"article:author\" content=\"https:\/\/web.facebook.com\/Polskie-Towarzystwo-Ratownikw-Medycznych-128583367841533\/\" \/>\n<meta property=\"article:published_time\" content=\"2023-08-24T08:17:51+00:00\" \/>\n<meta property=\"og:image\" content=\"https:\/\/ratmed.org\/wp-content\/uploads\/2023\/08\/2023-08-21-Pismo-do-P.-Dyr.-Tuderek-Dep.-Bezpieczenstwa-MZ-w-spr.-koloru-ambulansow-poza-PRM-strpna-nr-1-FB-742x1024.jpg\" \/>\n<meta name=\"author\" content=\"szafir6\" \/>\n<meta name=\"twitter:card\" content=\"summary_large_image\" \/>\n<meta name=\"twitter:label1\" content=\"Napisane przez\" \/>\n\t<meta name=\"twitter:data1\" content=\"szafir6\" \/>\n\t<meta name=\"twitter:label2\" content=\"Szacowany czas czytania\" \/>\n\t<meta name=\"twitter:data2\" content=\"6 minut\" \/>\n<script type=\"application\/ld+json\" class=\"yoast-schema-graph\">{\"@context\":\"https:\\\/\\\/schema.org\",\"@graph\":[{\"@type\":\"Article\",\"@id\":\"https:\\\/\\\/ratmed.org\\\/index.php\\\/2023\\\/08\\\/24\\\/ptrm-apeluje-do-departamentu-bezpieczenstwa-ministerstwa-zdrowia-o-wsparcie-dzialan-zmierzajacych-do-ujednolicenia-koloru-specjalistycznego-srodka-transportu-sanitarnego-wykorzystywanego-przez-zespoly\\\/#article\",\"isPartOf\":{\"@id\":\"https:\\\/\\\/ratmed.org\\\/index.php\\\/2023\\\/08\\\/24\\\/ptrm-apeluje-do-departamentu-bezpieczenstwa-ministerstwa-zdrowia-o-wsparcie-dzialan-zmierzajacych-do-ujednolicenia-koloru-specjalistycznego-srodka-transportu-sanitarnego-wykorzystywanego-przez-zespoly\\\/\"},\"author\":{\"name\":\"szafir6\",\"@id\":\"https:\\\/\\\/ratmed.org\\\/#\\\/schema\\\/person\\\/2803219621d75b7faebffd3898ea5816\"},\"headline\":\"PTRM apeluje do Departamentu Bezpiecze\u0144stwa Ministerstwa Zdrowia o wsparcie dzia\u0142a\u0144 zmierzaj\u0105cych do ujednolicenia koloru specjalistycznego \u015brodka transportu sanitarnego wykorzystywanego przez zespo\u0142y ratownictwa medycznego w systemie PRM oraz w transporcie sanitarnym\",\"datePublished\":\"2023-08-24T08:17:51+00:00\",\"mainEntityOfPage\":{\"@id\":\"https:\\\/\\\/ratmed.org\\\/index.php\\\/2023\\\/08\\\/24\\\/ptrm-apeluje-do-departamentu-bezpieczenstwa-ministerstwa-zdrowia-o-wsparcie-dzialan-zmierzajacych-do-ujednolicenia-koloru-specjalistycznego-srodka-transportu-sanitarnego-wykorzystywanego-przez-zespoly\\\/\"},\"wordCount\":686,\"commentCount\":0,\"image\":{\"@id\":\"https:\\\/\\\/ratmed.org\\\/index.php\\\/2023\\\/08\\\/24\\\/ptrm-apeluje-do-departamentu-bezpieczenstwa-ministerstwa-zdrowia-o-wsparcie-dzialan-zmierzajacych-do-ujednolicenia-koloru-specjalistycznego-srodka-transportu-sanitarnego-wykorzystywanego-przez-zespoly\\\/#primaryimage\"},\"thumbnailUrl\":\"https:\\\/\\\/ratmed.org\\\/wp-content\\\/uploads\\\/2023\\\/08\\\/2023-08-21-Pismo-do-P.-Dyr.-Tuderek-Dep.-Bezpieczenstwa-MZ-w-spr.-koloru-ambulansow-poza-PRM-strpna-nr-1-FB-742x1024.jpg\",\"articleSection\":[\"Uncategorized\"],\"inLanguage\":\"pl-PL\",\"potentialAction\":[{\"@type\":\"CommentAction\",\"name\":\"Comment\",\"target\":[\"https:\\\/\\\/ratmed.org\\\/index.php\\\/2023\\\/08\\\/24\\\/ptrm-apeluje-do-departamentu-bezpieczenstwa-ministerstwa-zdrowia-o-wsparcie-dzialan-zmierzajacych-do-ujednolicenia-koloru-specjalistycznego-srodka-transportu-sanitarnego-wykorzystywanego-przez-zespoly\\\/#respond\"]}]},{\"@type\":\"WebPage\",\"@id\":\"https:\\\/\\\/ratmed.org\\\/index.php\\\/2023\\\/08\\\/24\\\/ptrm-apeluje-do-departamentu-bezpieczenstwa-ministerstwa-zdrowia-o-wsparcie-dzialan-zmierzajacych-do-ujednolicenia-koloru-specjalistycznego-srodka-transportu-sanitarnego-wykorzystywanego-przez-zespoly\\\/\",\"url\":\"https:\\\/\\\/ratmed.org\\\/index.php\\\/2023\\\/08\\\/24\\\/ptrm-apeluje-do-departamentu-bezpieczenstwa-ministerstwa-zdrowia-o-wsparcie-dzialan-zmierzajacych-do-ujednolicenia-koloru-specjalistycznego-srodka-transportu-sanitarnego-wykorzystywanego-przez-zespoly\\\/\",\"name\":\"PTRM apeluje do Departamentu Bezpiecze\u0144stwa Ministerstwa Zdrowia o wsparcie dzia\u0142a\u0144 zmierzaj\u0105cych do ujednolicenia koloru specjalistycznego \u015brodka transportu sanitarnego wykorzystywanego przez zespo\u0142y ratownictwa medycznego w systemie PRM oraz w transporcie sanitarnym -\",\"isPartOf\":{\"@id\":\"https:\\\/\\\/ratmed.org\\\/#website\"},\"primaryImageOfPage\":{\"@id\":\"https:\\\/\\\/ratmed.org\\\/index.php\\\/2023\\\/08\\\/24\\\/ptrm-apeluje-do-departamentu-bezpieczenstwa-ministerstwa-zdrowia-o-wsparcie-dzialan-zmierzajacych-do-ujednolicenia-koloru-specjalistycznego-srodka-transportu-sanitarnego-wykorzystywanego-przez-zespoly\\\/#primaryimage\"},\"image\":{\"@id\":\"https:\\\/\\\/ratmed.org\\\/index.php\\\/2023\\\/08\\\/24\\\/ptrm-apeluje-do-departamentu-bezpieczenstwa-ministerstwa-zdrowia-o-wsparcie-dzialan-zmierzajacych-do-ujednolicenia-koloru-specjalistycznego-srodka-transportu-sanitarnego-wykorzystywanego-przez-zespoly\\\/#primaryimage\"},\"thumbnailUrl\":\"https:\\\/\\\/ratmed.org\\\/wp-content\\\/uploads\\\/2023\\\/08\\\/2023-08-21-Pismo-do-P.-Dyr.-Tuderek-Dep.-Bezpieczenstwa-MZ-w-spr.-koloru-ambulansow-poza-PRM-strpna-nr-1-FB-742x1024.jpg\",\"datePublished\":\"2023-08-24T08:17:51+00:00\",\"author\":{\"@id\":\"https:\\\/\\\/ratmed.org\\\/#\\\/schema\\\/person\\\/2803219621d75b7faebffd3898ea5816\"},\"breadcrumb\":{\"@id\":\"https:\\\/\\\/ratmed.org\\\/index.php\\\/2023\\\/08\\\/24\\\/ptrm-apeluje-do-departamentu-bezpieczenstwa-ministerstwa-zdrowia-o-wsparcie-dzialan-zmierzajacych-do-ujednolicenia-koloru-specjalistycznego-srodka-transportu-sanitarnego-wykorzystywanego-przez-zespoly\\\/#breadcrumb\"},\"inLanguage\":\"pl-PL\",\"potentialAction\":[{\"@type\":\"ReadAction\",\"target\":[\"https:\\\/\\\/ratmed.org\\\/index.php\\\/2023\\\/08\\\/24\\\/ptrm-apeluje-do-departamentu-bezpieczenstwa-ministerstwa-zdrowia-o-wsparcie-dzialan-zmierzajacych-do-ujednolicenia-koloru-specjalistycznego-srodka-transportu-sanitarnego-wykorzystywanego-przez-zespoly\\\/\"]}]},{\"@type\":\"ImageObject\",\"inLanguage\":\"pl-PL\",\"@id\":\"https:\\\/\\\/ratmed.org\\\/index.php\\\/2023\\\/08\\\/24\\\/ptrm-apeluje-do-departamentu-bezpieczenstwa-ministerstwa-zdrowia-o-wsparcie-dzialan-zmierzajacych-do-ujednolicenia-koloru-specjalistycznego-srodka-transportu-sanitarnego-wykorzystywanego-przez-zespoly\\\/#primaryimage\",\"url\":\"https:\\\/\\\/ratmed.org\\\/wp-content\\\/uploads\\\/2023\\\/08\\\/2023-08-21-Pismo-do-P.-Dyr.-Tuderek-Dep.-Bezpieczenstwa-MZ-w-spr.-koloru-ambulansow-poza-PRM-strpna-nr-1-FB.jpg\",\"contentUrl\":\"https:\\\/\\\/ratmed.org\\\/wp-content\\\/uploads\\\/2023\\\/08\\\/2023-08-21-Pismo-do-P.-Dyr.-Tuderek-Dep.-Bezpieczenstwa-MZ-w-spr.-koloru-ambulansow-poza-PRM-strpna-nr-1-FB.jpg\",\"width\":916,\"height\":1264},{\"@type\":\"BreadcrumbList\",\"@id\":\"https:\\\/\\\/ratmed.org\\\/index.php\\\/2023\\\/08\\\/24\\\/ptrm-apeluje-do-departamentu-bezpieczenstwa-ministerstwa-zdrowia-o-wsparcie-dzialan-zmierzajacych-do-ujednolicenia-koloru-specjalistycznego-srodka-transportu-sanitarnego-wykorzystywanego-przez-zespoly\\\/#breadcrumb\",\"itemListElement\":[{\"@type\":\"ListItem\",\"position\":1,\"name\":\"Strona g\u0142\u00f3wna\",\"item\":\"https:\\\/\\\/ratmed.org\\\/\"},{\"@type\":\"ListItem\",\"position\":2,\"name\":\"PTRM apeluje do Departamentu Bezpiecze\u0144stwa Ministerstwa Zdrowia o wsparcie dzia\u0142a\u0144 zmierzaj\u0105cych do ujednolicenia koloru specjalistycznego \u015brodka transportu sanitarnego wykorzystywanego przez zespo\u0142y ratownictwa medycznego w systemie PRM oraz w transporcie sanitarnym\"}]},{\"@type\":\"WebSite\",\"@id\":\"https:\\\/\\\/ratmed.org\\\/#website\",\"url\":\"https:\\\/\\\/ratmed.org\\\/\",\"name\":\"\",\"description\":\"Polskie Towarzystwo Ratownik\u00f3w Medycznych\",\"potentialAction\":[{\"@type\":\"SearchAction\",\"target\":{\"@type\":\"EntryPoint\",\"urlTemplate\":\"https:\\\/\\\/ratmed.org\\\/?s={search_term_string}\"},\"query-input\":{\"@type\":\"PropertyValueSpecification\",\"valueRequired\":true,\"valueName\":\"search_term_string\"}}],\"inLanguage\":\"pl-PL\"},{\"@type\":\"Person\",\"@id\":\"https:\\\/\\\/ratmed.org\\\/#\\\/schema\\\/person\\\/2803219621d75b7faebffd3898ea5816\",\"name\":\"szafir6\",\"image\":{\"@type\":\"ImageObject\",\"inLanguage\":\"pl-PL\",\"@id\":\"https:\\\/\\\/secure.gravatar.com\\\/avatar\\\/ba97dfecbcb5570ce62cccf7417ed5b625624478a61981e9c13c85867ff92d83?s=96&d=mm&r=g\",\"url\":\"https:\\\/\\\/secure.gravatar.com\\\/avatar\\\/ba97dfecbcb5570ce62cccf7417ed5b625624478a61981e9c13c85867ff92d83?s=96&d=mm&r=g\",\"contentUrl\":\"https:\\\/\\\/secure.gravatar.com\\\/avatar\\\/ba97dfecbcb5570ce62cccf7417ed5b625624478a61981e9c13c85867ff92d83?s=96&d=mm&r=g\",\"caption\":\"szafir6\"},\"sameAs\":[\"https:\\\/\\\/web.facebook.com\\\/Polskie-Towarzystwo-Ratownikw-Medycznych-128583367841533\\\/\"],\"url\":\"https:\\\/\\\/ratmed.org\\\/index.php\\\/author\\\/admin8617\\\/\"}]}<\/script>\n<!-- \/ Yoast SEO plugin. -->","yoast_head_json":{"title":"PTRM apeluje do Departamentu Bezpiecze\u0144stwa Ministerstwa Zdrowia o wsparcie dzia\u0142a\u0144 zmierzaj\u0105cych do ujednolicenia koloru specjalistycznego \u015brodka transportu sanitarnego wykorzystywanego przez zespo\u0142y ratownictwa medycznego w systemie PRM oraz w transporcie sanitarnym -","robots":{"index":"index","follow":"follow","max-snippet":"max-snippet:-1","max-image-preview":"max-image-preview:large","max-video-preview":"max-video-preview:-1"},"canonical":"https:\/\/ratmed.org\/index.php\/2023\/08\/24\/ptrm-apeluje-do-departamentu-bezpieczenstwa-ministerstwa-zdrowia-o-wsparcie-dzialan-zmierzajacych-do-ujednolicenia-koloru-specjalistycznego-srodka-transportu-sanitarnego-wykorzystywanego-przez-zespoly\/","og_locale":"pl_PL","og_type":"article","og_title":"PTRM apeluje do Departamentu Bezpiecze\u0144stwa Ministerstwa Zdrowia o wsparcie dzia\u0142a\u0144 zmierzaj\u0105cych do ujednolicenia koloru specjalistycznego \u015brodka transportu sanitarnego wykorzystywanego przez zespo\u0142y ratownictwa medycznego w systemie PRM oraz w transporcie sanitarnym -","og_description":"Jest to kontynuacja dzia\u0142a\u0144 prowadzonych przez Polskie Towarzystwo Ratownik\u00f3w Medycznych (PTRM) w temacie zwi\u0105zanym z ujednoliceniem koloru specjalistycznego \u015brodka transportu [&hellip;]","og_url":"https:\/\/ratmed.org\/index.php\/2023\/08\/24\/ptrm-apeluje-do-departamentu-bezpieczenstwa-ministerstwa-zdrowia-o-wsparcie-dzialan-zmierzajacych-do-ujednolicenia-koloru-specjalistycznego-srodka-transportu-sanitarnego-wykorzystywanego-przez-zespoly\/","article_author":"https:\/\/web.facebook.com\/Polskie-Towarzystwo-Ratownikw-Medycznych-128583367841533\/","article_published_time":"2023-08-24T08:17:51+00:00","og_image":[{"url":"https:\/\/ratmed.org\/wp-content\/uploads\/2023\/08\/2023-08-21-Pismo-do-P.-Dyr.-Tuderek-Dep.-Bezpieczenstwa-MZ-w-spr.-koloru-ambulansow-poza-PRM-strpna-nr-1-FB-742x1024.jpg","type":"","width":"","height":""}],"author":"szafir6","twitter_card":"summary_large_image","twitter_misc":{"Napisane przez":"szafir6","Szacowany czas czytania":"6 minut"},"schema":{"@context":"https:\/\/schema.org","@graph":[{"@type":"Article","@id":"https:\/\/ratmed.org\/index.php\/2023\/08\/24\/ptrm-apeluje-do-departamentu-bezpieczenstwa-ministerstwa-zdrowia-o-wsparcie-dzialan-zmierzajacych-do-ujednolicenia-koloru-specjalistycznego-srodka-transportu-sanitarnego-wykorzystywanego-przez-zespoly\/#article","isPartOf":{"@id":"https:\/\/ratmed.org\/index.php\/2023\/08\/24\/ptrm-apeluje-do-departamentu-bezpieczenstwa-ministerstwa-zdrowia-o-wsparcie-dzialan-zmierzajacych-do-ujednolicenia-koloru-specjalistycznego-srodka-transportu-sanitarnego-wykorzystywanego-przez-zespoly\/"},"author":{"name":"szafir6","@id":"https:\/\/ratmed.org\/#\/schema\/person\/2803219621d75b7faebffd3898ea5816"},"headline":"PTRM apeluje do Departamentu Bezpiecze\u0144stwa Ministerstwa Zdrowia o wsparcie dzia\u0142a\u0144 zmierzaj\u0105cych do ujednolicenia koloru specjalistycznego \u015brodka transportu sanitarnego wykorzystywanego przez zespo\u0142y ratownictwa medycznego w systemie PRM oraz w transporcie sanitarnym","datePublished":"2023-08-24T08:17:51+00:00","mainEntityOfPage":{"@id":"https:\/\/ratmed.org\/index.php\/2023\/08\/24\/ptrm-apeluje-do-departamentu-bezpieczenstwa-ministerstwa-zdrowia-o-wsparcie-dzialan-zmierzajacych-do-ujednolicenia-koloru-specjalistycznego-srodka-transportu-sanitarnego-wykorzystywanego-przez-zespoly\/"},"wordCount":686,"commentCount":0,"image":{"@id":"https:\/\/ratmed.org\/index.php\/2023\/08\/24\/ptrm-apeluje-do-departamentu-bezpieczenstwa-ministerstwa-zdrowia-o-wsparcie-dzialan-zmierzajacych-do-ujednolicenia-koloru-specjalistycznego-srodka-transportu-sanitarnego-wykorzystywanego-przez-zespoly\/#primaryimage"},"thumbnailUrl":"https:\/\/ratmed.org\/wp-content\/uploads\/2023\/08\/2023-08-21-Pismo-do-P.-Dyr.-Tuderek-Dep.-Bezpieczenstwa-MZ-w-spr.-koloru-ambulansow-poza-PRM-strpna-nr-1-FB-742x1024.jpg","articleSection":["Uncategorized"],"inLanguage":"pl-PL","potentialAction":[{"@type":"CommentAction","name":"Comment","target":["https:\/\/ratmed.org\/index.php\/2023\/08\/24\/ptrm-apeluje-do-departamentu-bezpieczenstwa-ministerstwa-zdrowia-o-wsparcie-dzialan-zmierzajacych-do-ujednolicenia-koloru-specjalistycznego-srodka-transportu-sanitarnego-wykorzystywanego-przez-zespoly\/#respond"]}]},{"@type":"WebPage","@id":"https:\/\/ratmed.org\/index.php\/2023\/08\/24\/ptrm-apeluje-do-departamentu-bezpieczenstwa-ministerstwa-zdrowia-o-wsparcie-dzialan-zmierzajacych-do-ujednolicenia-koloru-specjalistycznego-srodka-transportu-sanitarnego-wykorzystywanego-przez-zespoly\/","url":"https:\/\/ratmed.org\/index.php\/2023\/08\/24\/ptrm-apeluje-do-departamentu-bezpieczenstwa-ministerstwa-zdrowia-o-wsparcie-dzialan-zmierzajacych-do-ujednolicenia-koloru-specjalistycznego-srodka-transportu-sanitarnego-wykorzystywanego-przez-zespoly\/","name":"PTRM apeluje do Departamentu Bezpiecze\u0144stwa Ministerstwa Zdrowia o wsparcie dzia\u0142a\u0144 zmierzaj\u0105cych do ujednolicenia koloru specjalistycznego \u015brodka transportu sanitarnego wykorzystywanego przez zespo\u0142y ratownictwa medycznego w systemie PRM oraz w transporcie sanitarnym -","isPartOf":{"@id":"https:\/\/ratmed.org\/#website"},"primaryImageOfPage":{"@id":"https:\/\/ratmed.org\/index.php\/2023\/08\/24\/ptrm-apeluje-do-departamentu-bezpieczenstwa-ministerstwa-zdrowia-o-wsparcie-dzialan-zmierzajacych-do-ujednolicenia-koloru-specjalistycznego-srodka-transportu-sanitarnego-wykorzystywanego-przez-zespoly\/#primaryimage"},"image":{"@id":"https:\/\/ratmed.org\/index.php\/2023\/08\/24\/ptrm-apeluje-do-departamentu-bezpieczenstwa-ministerstwa-zdrowia-o-wsparcie-dzialan-zmierzajacych-do-ujednolicenia-koloru-specjalistycznego-srodka-transportu-sanitarnego-wykorzystywanego-przez-zespoly\/#primaryimage"},"thumbnailUrl":"https:\/\/ratmed.org\/wp-content\/uploads\/2023\/08\/2023-08-21-Pismo-do-P.-Dyr.-Tuderek-Dep.-Bezpieczenstwa-MZ-w-spr.-koloru-ambulansow-poza-PRM-strpna-nr-1-FB-742x1024.jpg","datePublished":"2023-08-24T08:17:51+00:00","author":{"@id":"https:\/\/ratmed.org\/#\/schema\/person\/2803219621d75b7faebffd3898ea5816"},"breadcrumb":{"@id":"https:\/\/ratmed.org\/index.php\/2023\/08\/24\/ptrm-apeluje-do-departamentu-bezpieczenstwa-ministerstwa-zdrowia-o-wsparcie-dzialan-zmierzajacych-do-ujednolicenia-koloru-specjalistycznego-srodka-transportu-sanitarnego-wykorzystywanego-przez-zespoly\/#breadcrumb"},"inLanguage":"pl-PL","potentialAction":[{"@type":"ReadAction","target":["https:\/\/ratmed.org\/index.php\/2023\/08\/24\/ptrm-apeluje-do-departamentu-bezpieczenstwa-ministerstwa-zdrowia-o-wsparcie-dzialan-zmierzajacych-do-ujednolicenia-koloru-specjalistycznego-srodka-transportu-sanitarnego-wykorzystywanego-przez-zespoly\/"]}]},{"@type":"ImageObject","inLanguage":"pl-PL","@id":"https:\/\/ratmed.org\/index.php\/2023\/08\/24\/ptrm-apeluje-do-departamentu-bezpieczenstwa-ministerstwa-zdrowia-o-wsparcie-dzialan-zmierzajacych-do-ujednolicenia-koloru-specjalistycznego-srodka-transportu-sanitarnego-wykorzystywanego-przez-zespoly\/#primaryimage","url":"https:\/\/ratmed.org\/wp-content\/uploads\/2023\/08\/2023-08-21-Pismo-do-P.-Dyr.-Tuderek-Dep.-Bezpieczenstwa-MZ-w-spr.-koloru-ambulansow-poza-PRM-strpna-nr-1-FB.jpg","contentUrl":"https:\/\/ratmed.org\/wp-content\/uploads\/2023\/08\/2023-08-21-Pismo-do-P.-Dyr.-Tuderek-Dep.-Bezpieczenstwa-MZ-w-spr.-koloru-ambulansow-poza-PRM-strpna-nr-1-FB.jpg","width":916,"height":1264},{"@type":"BreadcrumbList","@id":"https:\/\/ratmed.org\/index.php\/2023\/08\/24\/ptrm-apeluje-do-departamentu-bezpieczenstwa-ministerstwa-zdrowia-o-wsparcie-dzialan-zmierzajacych-do-ujednolicenia-koloru-specjalistycznego-srodka-transportu-sanitarnego-wykorzystywanego-przez-zespoly\/#breadcrumb","itemListElement":[{"@type":"ListItem","position":1,"name":"Strona g\u0142\u00f3wna","item":"https:\/\/ratmed.org\/"},{"@type":"ListItem","position":2,"name":"PTRM apeluje do Departamentu Bezpiecze\u0144stwa Ministerstwa Zdrowia o wsparcie dzia\u0142a\u0144 zmierzaj\u0105cych do ujednolicenia koloru specjalistycznego \u015brodka transportu sanitarnego wykorzystywanego przez zespo\u0142y ratownictwa medycznego w systemie PRM oraz w transporcie sanitarnym"}]},{"@type":"WebSite","@id":"https:\/\/ratmed.org\/#website","url":"https:\/\/ratmed.org\/","name":"","description":"Polskie Towarzystwo Ratownik\u00f3w Medycznych","potentialAction":[{"@type":"SearchAction","target":{"@type":"EntryPoint","urlTemplate":"https:\/\/ratmed.org\/?s={search_term_string}"},"query-input":{"@type":"PropertyValueSpecification","valueRequired":true,"valueName":"search_term_string"}}],"inLanguage":"pl-PL"},{"@type":"Person","@id":"https:\/\/ratmed.org\/#\/schema\/person\/2803219621d75b7faebffd3898ea5816","name":"szafir6","image":{"@type":"ImageObject","inLanguage":"pl-PL","@id":"https:\/\/secure.gravatar.com\/avatar\/ba97dfecbcb5570ce62cccf7417ed5b625624478a61981e9c13c85867ff92d83?s=96&d=mm&r=g","url":"https:\/\/secure.gravatar.com\/avatar\/ba97dfecbcb5570ce62cccf7417ed5b625624478a61981e9c13c85867ff92d83?s=96&d=mm&r=g","contentUrl":"https:\/\/secure.gravatar.com\/avatar\/ba97dfecbcb5570ce62cccf7417ed5b625624478a61981e9c13c85867ff92d83?s=96&d=mm&r=g","caption":"szafir6"},"sameAs":["https:\/\/web.facebook.com\/Polskie-Towarzystwo-Ratownikw-Medycznych-128583367841533\/"],"url":"https:\/\/ratmed.org\/index.php\/author\/admin8617\/"}]}},"_links":{"self":[{"href":"https:\/\/ratmed.org\/index.php\/wp-json\/wp\/v2\/posts\/2788","targetHints":{"allow":["GET"]}}],"collection":[{"href":"https:\/\/ratmed.org\/index.php\/wp-json\/wp\/v2\/posts"}],"about":[{"href":"https:\/\/ratmed.org\/index.php\/wp-json\/wp\/v2\/types\/post"}],"author":[{"embeddable":true,"href":"https:\/\/ratmed.org\/index.php\/wp-json\/wp\/v2\/users\/1"}],"replies":[{"embeddable":true,"href":"https:\/\/ratmed.org\/index.php\/wp-json\/wp\/v2\/comments?post=2788"}],"version-history":[{"count":3,"href":"https:\/\/ratmed.org\/index.php\/wp-json\/wp\/v2\/posts\/2788\/revisions"}],"predecessor-version":[{"id":2799,"href":"https:\/\/ratmed.org\/index.php\/wp-json\/wp\/v2\/posts\/2788\/revisions\/2799"}],"wp:attachment":[{"href":"https:\/\/ratmed.org\/index.php\/wp-json\/wp\/v2\/media?parent=2788"}],"wp:term":[{"taxonomy":"category","embeddable":true,"href":"https:\/\/ratmed.org\/index.php\/wp-json\/wp\/v2\/categories?post=2788"},{"taxonomy":"post_tag","embeddable":true,"href":"https:\/\/ratmed.org\/index.php\/wp-json\/wp\/v2\/tags?post=2788"}],"curies":[{"name":"wp","href":"https:\/\/api.w.org\/{rel}","templated":true}]}}