{"id":2835,"date":"2023-08-28T09:37:05","date_gmt":"2023-08-28T08:37:05","guid":{"rendered":"https:\/\/ratmed.org\/?p=2835"},"modified":"2023-08-28T09:37:05","modified_gmt":"2023-08-28T08:37:05","slug":"program-wsparcia-kadry-medycznej-oraz-studentow-kierunkow-medycznych-w-zakresie-zdrowia-psychicznego","status":"publish","type":"post","link":"https:\/\/ratmed.org\/index.php\/2023\/08\/28\/program-wsparcia-kadry-medycznej-oraz-studentow-kierunkow-medycznych-w-zakresie-zdrowia-psychicznego\/","title":{"rendered":"Program wsparcia kadry medycznej oraz student\u00f3w kierunk\u00f3w medycznych w zakresie zdrowia psychicznego"},"content":{"rendered":"<p>Informujemy, \u017ce dla kadry medycznej oraz student\u00f3w kierunk\u00f3w medycznych jest ju\u017c dost\u0119pny program wsparcia w zakresie zdrowia psychicznego. Jest to pierwsze tego typu rozwi\u0105zanie systemowe, kt\u00f3re zwraca uwag\u0119 na kondycj\u0119 emocjonaln\u0105 tych grup zawodowych.<\/p>\n<p>W ramach programu zapewniona jest:<\/p>\n<ul>\n<li>dost\u0119pno\u015b\u0107 specjalist\u00f3w w celu bezpo\u015bredniej pomocy psychologicznej w sytuacjach kryzysowych,<\/li>\n<li>psychoedukacja w postaci publikacji poradnik\u00f3w, webinari\u00f3w i materia\u0142\u00f3w edukacyjnych<br \/>\nw zakresie technik relaksacyjnych, zdrowia psychicznego, wyzwa\u0144 emocjonalnych zwi\u0105zanych z wykonywaniem zawod\u00f3w medycznych i umiej\u0119tno\u015bci analizy w\u0142asnych stan\u00f3w psychicznych.<\/li>\n<\/ul>\n<p>Spotkania konsultacyjne i sesje terapeutyczne s\u0105 prowadzone w trybie zdalnym lub stacjonarnie z zachowaniem pe\u0142nego komfortu i bezpiecze\u0144stwa uczestnik\u00f3w.<\/p>\n<p>Zadania realizowane s\u0105 za po\u015brednictwem platformy online, przez kt\u00f3r\u0105 u\u017cytkownicy:<\/p>\n<ul>\n<li>mog\u0105 umawia\u0107 si\u0119 na spotkanie z psychologiem,<\/li>\n<li>maj\u0105 dost\u0119p do konsultacji zdalnych za pomoc\u0105 dedykowanej Platformy<\/li>\n<li>mog\u0105 zapozna\u0107 si\u0119 z cyfrowymi materia\u0142ami edukacyjnymi,<\/li>\n<li>otrzymuj\u0105 mo\u017cliwo\u015b\u0107 wype\u0142nienia testu diagnozuj\u0105cego sytuacj\u0119 kryzysow\u0105,<\/li>\n<li>maj\u0105 szans\u0119 na interakcj\u0119 z innymi u\u017cytkownikami platformy dzi\u0119ki forum dyskusyjnemu.<\/li>\n<\/ul>\n<p>G\u0142\u00f3wnym realizatorem zada\u0144 programu jest Falck Medycyna, a wsparcie merytoryczne i organizacyjne zapewnia Fundacja Nie Wida\u0107 Po Mnie.<\/p>\n<p>\u015arodki na realizacj\u0119 programu zosta\u0142y przyznane przez Ministerstwo Zdrowia\u00a0 w ramach \u201e<em>Programu wsparcia psychologicznego kadry medycznej<\/em>\u201d wsp\u00f3\u0142finansowanego przez Uni\u0119 Europejsk\u0105 ze \u015brodk\u00f3w Europejskiego Funduszu Spo\u0142ecznego w ramach Programu Operacyjnego Wiedza Edukacja Rozw\u00f3j w ramach Dzia\u0142ania 7.1 Osi priorytetowej VII Wsparcie REACT-EU dla obszaru zdrowia.<\/p>\n<p>Szczeg\u00f3\u0142owe informacje dost\u0119pne s\u0105 pod adresem: <a href=\"https:\/\/psychologdlamedyka.pl\/\">https:\/\/psychologdlamedyka.pl\/<\/a><\/p>\n<p><img loading=\"lazy\" decoding=\"async\" class=\"size-full wp-image-2836 aligncenter\" src=\"https:\/\/ratmed.org\/wp-content\/uploads\/2023\/08\/2023-08-28-Program-wsparcia-psychologicznego-WPKM-grafika-FB.png\" alt=\"\" width=\"940\" height=\"788\" srcset=\"https:\/\/ratmed.org\/wp-content\/uploads\/2023\/08\/2023-08-28-Program-wsparcia-psychologicznego-WPKM-grafika-FB.png 940w, https:\/\/ratmed.org\/wp-content\/uploads\/2023\/08\/2023-08-28-Program-wsparcia-psychologicznego-WPKM-grafika-FB-300x251.png 300w, https:\/\/ratmed.org\/wp-content\/uploads\/2023\/08\/2023-08-28-Program-wsparcia-psychologicznego-WPKM-grafika-FB-768x644.png 768w\" sizes=\"auto, (max-width: 940px) 100vw, 940px\" \/><\/p>\n","protected":false},"excerpt":{"rendered":"<p>Informujemy, \u017ce dla kadry medycznej oraz student\u00f3w kierunk\u00f3w medycznych jest ju\u017c dost\u0119pny program wsparcia w zakresie zdrowia psychicznego. Jest to [&hellip;]<\/p>\n","protected":false},"author":1,"featured_media":0,"comment_status":"open","ping_status":"open","sticky":false,"template":"","format":"standard","meta":{"footnotes":"","_links_to":"","_links_to_target":""},"categories":[1],"tags":[],"class_list":["post-2835","post","type-post","status-publish","format-standard","hentry","category-uncategorized"],"yoast_head":"<!-- This site is optimized with the Yoast SEO plugin v27.5 - https:\/\/yoast.com\/product\/yoast-seo-wordpress\/ -->\n<title>Program wsparcia kadry medycznej oraz student\u00f3w kierunk\u00f3w medycznych w zakresie zdrowia psychicznego -<\/title>\n<meta name=\"robots\" content=\"index, follow, max-snippet:-1, max-image-preview:large, max-video-preview:-1\" \/>\n<link rel=\"canonical\" href=\"https:\/\/ratmed.org\/index.php\/2023\/08\/28\/program-wsparcia-kadry-medycznej-oraz-studentow-kierunkow-medycznych-w-zakresie-zdrowia-psychicznego\/\" \/>\n<meta property=\"og:locale\" content=\"pl_PL\" \/>\n<meta property=\"og:type\" content=\"article\" \/>\n<meta property=\"og:title\" content=\"Program wsparcia kadry medycznej oraz student\u00f3w kierunk\u00f3w medycznych w zakresie zdrowia psychicznego -\" \/>\n<meta property=\"og:description\" content=\"Informujemy, \u017ce dla kadry medycznej oraz student\u00f3w kierunk\u00f3w medycznych jest ju\u017c dost\u0119pny program wsparcia w zakresie zdrowia psychicznego. Jest to [&hellip;]\" \/>\n<meta property=\"og:url\" content=\"https:\/\/ratmed.org\/index.php\/2023\/08\/28\/program-wsparcia-kadry-medycznej-oraz-studentow-kierunkow-medycznych-w-zakresie-zdrowia-psychicznego\/\" \/>\n<meta property=\"article:author\" content=\"https:\/\/web.facebook.com\/Polskie-Towarzystwo-Ratownikw-Medycznych-128583367841533\/\" \/>\n<meta property=\"article:published_time\" content=\"2023-08-28T08:37:05+00:00\" \/>\n<meta property=\"og:image\" content=\"https:\/\/ratmed.org\/wp-content\/uploads\/2023\/08\/2023-08-28-Program-wsparcia-psychologicznego-WPKM-grafika-FB.png\" \/>\n<meta name=\"author\" content=\"szafir6\" \/>\n<meta name=\"twitter:card\" content=\"summary_large_image\" \/>\n<meta name=\"twitter:label1\" content=\"Napisane przez\" \/>\n\t<meta name=\"twitter:data1\" content=\"szafir6\" \/>\n\t<meta name=\"twitter:label2\" content=\"Szacowany czas czytania\" \/>\n\t<meta name=\"twitter:data2\" content=\"2 minuty\" \/>\n<script type=\"application\/ld+json\" class=\"yoast-schema-graph\">{\"@context\":\"https:\\\/\\\/schema.org\",\"@graph\":[{\"@type\":\"Article\",\"@id\":\"https:\\\/\\\/ratmed.org\\\/index.php\\\/2023\\\/08\\\/28\\\/program-wsparcia-kadry-medycznej-oraz-studentow-kierunkow-medycznych-w-zakresie-zdrowia-psychicznego\\\/#article\",\"isPartOf\":{\"@id\":\"https:\\\/\\\/ratmed.org\\\/index.php\\\/2023\\\/08\\\/28\\\/program-wsparcia-kadry-medycznej-oraz-studentow-kierunkow-medycznych-w-zakresie-zdrowia-psychicznego\\\/\"},\"author\":{\"name\":\"szafir6\",\"@id\":\"https:\\\/\\\/ratmed.org\\\/#\\\/schema\\\/person\\\/2803219621d75b7faebffd3898ea5816\"},\"headline\":\"Program wsparcia kadry medycznej oraz student\u00f3w kierunk\u00f3w medycznych w zakresie zdrowia psychicznego\",\"datePublished\":\"2023-08-28T08:37:05+00:00\",\"mainEntityOfPage\":{\"@id\":\"https:\\\/\\\/ratmed.org\\\/index.php\\\/2023\\\/08\\\/28\\\/program-wsparcia-kadry-medycznej-oraz-studentow-kierunkow-medycznych-w-zakresie-zdrowia-psychicznego\\\/\"},\"wordCount\":270,\"commentCount\":0,\"image\":{\"@id\":\"https:\\\/\\\/ratmed.org\\\/index.php\\\/2023\\\/08\\\/28\\\/program-wsparcia-kadry-medycznej-oraz-studentow-kierunkow-medycznych-w-zakresie-zdrowia-psychicznego\\\/#primaryimage\"},\"thumbnailUrl\":\"https:\\\/\\\/ratmed.org\\\/wp-content\\\/uploads\\\/2023\\\/08\\\/2023-08-28-Program-wsparcia-psychologicznego-WPKM-grafika-FB.png\",\"articleSection\":[\"Uncategorized\"],\"inLanguage\":\"pl-PL\",\"potentialAction\":[{\"@type\":\"CommentAction\",\"name\":\"Comment\",\"target\":[\"https:\\\/\\\/ratmed.org\\\/index.php\\\/2023\\\/08\\\/28\\\/program-wsparcia-kadry-medycznej-oraz-studentow-kierunkow-medycznych-w-zakresie-zdrowia-psychicznego\\\/#respond\"]}]},{\"@type\":\"WebPage\",\"@id\":\"https:\\\/\\\/ratmed.org\\\/index.php\\\/2023\\\/08\\\/28\\\/program-wsparcia-kadry-medycznej-oraz-studentow-kierunkow-medycznych-w-zakresie-zdrowia-psychicznego\\\/\",\"url\":\"https:\\\/\\\/ratmed.org\\\/index.php\\\/2023\\\/08\\\/28\\\/program-wsparcia-kadry-medycznej-oraz-studentow-kierunkow-medycznych-w-zakresie-zdrowia-psychicznego\\\/\",\"name\":\"Program wsparcia kadry medycznej oraz student\u00f3w kierunk\u00f3w medycznych w zakresie zdrowia psychicznego -\",\"isPartOf\":{\"@id\":\"https:\\\/\\\/ratmed.org\\\/#website\"},\"primaryImageOfPage\":{\"@id\":\"https:\\\/\\\/ratmed.org\\\/index.php\\\/2023\\\/08\\\/28\\\/program-wsparcia-kadry-medycznej-oraz-studentow-kierunkow-medycznych-w-zakresie-zdrowia-psychicznego\\\/#primaryimage\"},\"image\":{\"@id\":\"https:\\\/\\\/ratmed.org\\\/index.php\\\/2023\\\/08\\\/28\\\/program-wsparcia-kadry-medycznej-oraz-studentow-kierunkow-medycznych-w-zakresie-zdrowia-psychicznego\\\/#primaryimage\"},\"thumbnailUrl\":\"https:\\\/\\\/ratmed.org\\\/wp-content\\\/uploads\\\/2023\\\/08\\\/2023-08-28-Program-wsparcia-psychologicznego-WPKM-grafika-FB.png\",\"datePublished\":\"2023-08-28T08:37:05+00:00\",\"author\":{\"@id\":\"https:\\\/\\\/ratmed.org\\\/#\\\/schema\\\/person\\\/2803219621d75b7faebffd3898ea5816\"},\"breadcrumb\":{\"@id\":\"https:\\\/\\\/ratmed.org\\\/index.php\\\/2023\\\/08\\\/28\\\/program-wsparcia-kadry-medycznej-oraz-studentow-kierunkow-medycznych-w-zakresie-zdrowia-psychicznego\\\/#breadcrumb\"},\"inLanguage\":\"pl-PL\",\"potentialAction\":[{\"@type\":\"ReadAction\",\"target\":[\"https:\\\/\\\/ratmed.org\\\/index.php\\\/2023\\\/08\\\/28\\\/program-wsparcia-kadry-medycznej-oraz-studentow-kierunkow-medycznych-w-zakresie-zdrowia-psychicznego\\\/\"]}]},{\"@type\":\"ImageObject\",\"inLanguage\":\"pl-PL\",\"@id\":\"https:\\\/\\\/ratmed.org\\\/index.php\\\/2023\\\/08\\\/28\\\/program-wsparcia-kadry-medycznej-oraz-studentow-kierunkow-medycznych-w-zakresie-zdrowia-psychicznego\\\/#primaryimage\",\"url\":\"https:\\\/\\\/ratmed.org\\\/wp-content\\\/uploads\\\/2023\\\/08\\\/2023-08-28-Program-wsparcia-psychologicznego-WPKM-grafika-FB.png\",\"contentUrl\":\"https:\\\/\\\/ratmed.org\\\/wp-content\\\/uploads\\\/2023\\\/08\\\/2023-08-28-Program-wsparcia-psychologicznego-WPKM-grafika-FB.png\",\"width\":940,\"height\":788},{\"@type\":\"BreadcrumbList\",\"@id\":\"https:\\\/\\\/ratmed.org\\\/index.php\\\/2023\\\/08\\\/28\\\/program-wsparcia-kadry-medycznej-oraz-studentow-kierunkow-medycznych-w-zakresie-zdrowia-psychicznego\\\/#breadcrumb\",\"itemListElement\":[{\"@type\":\"ListItem\",\"position\":1,\"name\":\"Strona g\u0142\u00f3wna\",\"item\":\"https:\\\/\\\/ratmed.org\\\/\"},{\"@type\":\"ListItem\",\"position\":2,\"name\":\"Program wsparcia kadry medycznej oraz student\u00f3w kierunk\u00f3w medycznych w zakresie zdrowia psychicznego\"}]},{\"@type\":\"WebSite\",\"@id\":\"https:\\\/\\\/ratmed.org\\\/#website\",\"url\":\"https:\\\/\\\/ratmed.org\\\/\",\"name\":\"\",\"description\":\"Polskie Towarzystwo Ratownik\u00f3w Medycznych\",\"potentialAction\":[{\"@type\":\"SearchAction\",\"target\":{\"@type\":\"EntryPoint\",\"urlTemplate\":\"https:\\\/\\\/ratmed.org\\\/?s={search_term_string}\"},\"query-input\":{\"@type\":\"PropertyValueSpecification\",\"valueRequired\":true,\"valueName\":\"search_term_string\"}}],\"inLanguage\":\"pl-PL\"},{\"@type\":\"Person\",\"@id\":\"https:\\\/\\\/ratmed.org\\\/#\\\/schema\\\/person\\\/2803219621d75b7faebffd3898ea5816\",\"name\":\"szafir6\",\"image\":{\"@type\":\"ImageObject\",\"inLanguage\":\"pl-PL\",\"@id\":\"https:\\\/\\\/secure.gravatar.com\\\/avatar\\\/ba97dfecbcb5570ce62cccf7417ed5b625624478a61981e9c13c85867ff92d83?s=96&d=mm&r=g\",\"url\":\"https:\\\/\\\/secure.gravatar.com\\\/avatar\\\/ba97dfecbcb5570ce62cccf7417ed5b625624478a61981e9c13c85867ff92d83?s=96&d=mm&r=g\",\"contentUrl\":\"https:\\\/\\\/secure.gravatar.com\\\/avatar\\\/ba97dfecbcb5570ce62cccf7417ed5b625624478a61981e9c13c85867ff92d83?s=96&d=mm&r=g\",\"caption\":\"szafir6\"},\"sameAs\":[\"https:\\\/\\\/web.facebook.com\\\/Polskie-Towarzystwo-Ratownikw-Medycznych-128583367841533\\\/\"],\"url\":\"https:\\\/\\\/ratmed.org\\\/index.php\\\/author\\\/admin8617\\\/\"}]}<\/script>\n<!-- \/ Yoast SEO plugin. -->","yoast_head_json":{"title":"Program wsparcia kadry medycznej oraz student\u00f3w kierunk\u00f3w medycznych w zakresie zdrowia psychicznego -","robots":{"index":"index","follow":"follow","max-snippet":"max-snippet:-1","max-image-preview":"max-image-preview:large","max-video-preview":"max-video-preview:-1"},"canonical":"https:\/\/ratmed.org\/index.php\/2023\/08\/28\/program-wsparcia-kadry-medycznej-oraz-studentow-kierunkow-medycznych-w-zakresie-zdrowia-psychicznego\/","og_locale":"pl_PL","og_type":"article","og_title":"Program wsparcia kadry medycznej oraz student\u00f3w kierunk\u00f3w medycznych w zakresie zdrowia psychicznego -","og_description":"Informujemy, \u017ce dla kadry medycznej oraz student\u00f3w kierunk\u00f3w medycznych jest ju\u017c dost\u0119pny program wsparcia w zakresie zdrowia psychicznego. Jest to [&hellip;]","og_url":"https:\/\/ratmed.org\/index.php\/2023\/08\/28\/program-wsparcia-kadry-medycznej-oraz-studentow-kierunkow-medycznych-w-zakresie-zdrowia-psychicznego\/","article_author":"https:\/\/web.facebook.com\/Polskie-Towarzystwo-Ratownikw-Medycznych-128583367841533\/","article_published_time":"2023-08-28T08:37:05+00:00","og_image":[{"url":"https:\/\/ratmed.org\/wp-content\/uploads\/2023\/08\/2023-08-28-Program-wsparcia-psychologicznego-WPKM-grafika-FB.png","type":"","width":"","height":""}],"author":"szafir6","twitter_card":"summary_large_image","twitter_misc":{"Napisane przez":"szafir6","Szacowany czas czytania":"2 minuty"},"schema":{"@context":"https:\/\/schema.org","@graph":[{"@type":"Article","@id":"https:\/\/ratmed.org\/index.php\/2023\/08\/28\/program-wsparcia-kadry-medycznej-oraz-studentow-kierunkow-medycznych-w-zakresie-zdrowia-psychicznego\/#article","isPartOf":{"@id":"https:\/\/ratmed.org\/index.php\/2023\/08\/28\/program-wsparcia-kadry-medycznej-oraz-studentow-kierunkow-medycznych-w-zakresie-zdrowia-psychicznego\/"},"author":{"name":"szafir6","@id":"https:\/\/ratmed.org\/#\/schema\/person\/2803219621d75b7faebffd3898ea5816"},"headline":"Program wsparcia kadry medycznej oraz student\u00f3w kierunk\u00f3w medycznych w zakresie zdrowia psychicznego","datePublished":"2023-08-28T08:37:05+00:00","mainEntityOfPage":{"@id":"https:\/\/ratmed.org\/index.php\/2023\/08\/28\/program-wsparcia-kadry-medycznej-oraz-studentow-kierunkow-medycznych-w-zakresie-zdrowia-psychicznego\/"},"wordCount":270,"commentCount":0,"image":{"@id":"https:\/\/ratmed.org\/index.php\/2023\/08\/28\/program-wsparcia-kadry-medycznej-oraz-studentow-kierunkow-medycznych-w-zakresie-zdrowia-psychicznego\/#primaryimage"},"thumbnailUrl":"https:\/\/ratmed.org\/wp-content\/uploads\/2023\/08\/2023-08-28-Program-wsparcia-psychologicznego-WPKM-grafika-FB.png","articleSection":["Uncategorized"],"inLanguage":"pl-PL","potentialAction":[{"@type":"CommentAction","name":"Comment","target":["https:\/\/ratmed.org\/index.php\/2023\/08\/28\/program-wsparcia-kadry-medycznej-oraz-studentow-kierunkow-medycznych-w-zakresie-zdrowia-psychicznego\/#respond"]}]},{"@type":"WebPage","@id":"https:\/\/ratmed.org\/index.php\/2023\/08\/28\/program-wsparcia-kadry-medycznej-oraz-studentow-kierunkow-medycznych-w-zakresie-zdrowia-psychicznego\/","url":"https:\/\/ratmed.org\/index.php\/2023\/08\/28\/program-wsparcia-kadry-medycznej-oraz-studentow-kierunkow-medycznych-w-zakresie-zdrowia-psychicznego\/","name":"Program wsparcia kadry medycznej oraz student\u00f3w kierunk\u00f3w medycznych w zakresie zdrowia psychicznego -","isPartOf":{"@id":"https:\/\/ratmed.org\/#website"},"primaryImageOfPage":{"@id":"https:\/\/ratmed.org\/index.php\/2023\/08\/28\/program-wsparcia-kadry-medycznej-oraz-studentow-kierunkow-medycznych-w-zakresie-zdrowia-psychicznego\/#primaryimage"},"image":{"@id":"https:\/\/ratmed.org\/index.php\/2023\/08\/28\/program-wsparcia-kadry-medycznej-oraz-studentow-kierunkow-medycznych-w-zakresie-zdrowia-psychicznego\/#primaryimage"},"thumbnailUrl":"https:\/\/ratmed.org\/wp-content\/uploads\/2023\/08\/2023-08-28-Program-wsparcia-psychologicznego-WPKM-grafika-FB.png","datePublished":"2023-08-28T08:37:05+00:00","author":{"@id":"https:\/\/ratmed.org\/#\/schema\/person\/2803219621d75b7faebffd3898ea5816"},"breadcrumb":{"@id":"https:\/\/ratmed.org\/index.php\/2023\/08\/28\/program-wsparcia-kadry-medycznej-oraz-studentow-kierunkow-medycznych-w-zakresie-zdrowia-psychicznego\/#breadcrumb"},"inLanguage":"pl-PL","potentialAction":[{"@type":"ReadAction","target":["https:\/\/ratmed.org\/index.php\/2023\/08\/28\/program-wsparcia-kadry-medycznej-oraz-studentow-kierunkow-medycznych-w-zakresie-zdrowia-psychicznego\/"]}]},{"@type":"ImageObject","inLanguage":"pl-PL","@id":"https:\/\/ratmed.org\/index.php\/2023\/08\/28\/program-wsparcia-kadry-medycznej-oraz-studentow-kierunkow-medycznych-w-zakresie-zdrowia-psychicznego\/#primaryimage","url":"https:\/\/ratmed.org\/wp-content\/uploads\/2023\/08\/2023-08-28-Program-wsparcia-psychologicznego-WPKM-grafika-FB.png","contentUrl":"https:\/\/ratmed.org\/wp-content\/uploads\/2023\/08\/2023-08-28-Program-wsparcia-psychologicznego-WPKM-grafika-FB.png","width":940,"height":788},{"@type":"BreadcrumbList","@id":"https:\/\/ratmed.org\/index.php\/2023\/08\/28\/program-wsparcia-kadry-medycznej-oraz-studentow-kierunkow-medycznych-w-zakresie-zdrowia-psychicznego\/#breadcrumb","itemListElement":[{"@type":"ListItem","position":1,"name":"Strona g\u0142\u00f3wna","item":"https:\/\/ratmed.org\/"},{"@type":"ListItem","position":2,"name":"Program wsparcia kadry medycznej oraz student\u00f3w kierunk\u00f3w medycznych w zakresie zdrowia psychicznego"}]},{"@type":"WebSite","@id":"https:\/\/ratmed.org\/#website","url":"https:\/\/ratmed.org\/","name":"","description":"Polskie Towarzystwo Ratownik\u00f3w Medycznych","potentialAction":[{"@type":"SearchAction","target":{"@type":"EntryPoint","urlTemplate":"https:\/\/ratmed.org\/?s={search_term_string}"},"query-input":{"@type":"PropertyValueSpecification","valueRequired":true,"valueName":"search_term_string"}}],"inLanguage":"pl-PL"},{"@type":"Person","@id":"https:\/\/ratmed.org\/#\/schema\/person\/2803219621d75b7faebffd3898ea5816","name":"szafir6","image":{"@type":"ImageObject","inLanguage":"pl-PL","@id":"https:\/\/secure.gravatar.com\/avatar\/ba97dfecbcb5570ce62cccf7417ed5b625624478a61981e9c13c85867ff92d83?s=96&d=mm&r=g","url":"https:\/\/secure.gravatar.com\/avatar\/ba97dfecbcb5570ce62cccf7417ed5b625624478a61981e9c13c85867ff92d83?s=96&d=mm&r=g","contentUrl":"https:\/\/secure.gravatar.com\/avatar\/ba97dfecbcb5570ce62cccf7417ed5b625624478a61981e9c13c85867ff92d83?s=96&d=mm&r=g","caption":"szafir6"},"sameAs":["https:\/\/web.facebook.com\/Polskie-Towarzystwo-Ratownikw-Medycznych-128583367841533\/"],"url":"https:\/\/ratmed.org\/index.php\/author\/admin8617\/"}]}},"_links":{"self":[{"href":"https:\/\/ratmed.org\/index.php\/wp-json\/wp\/v2\/posts\/2835","targetHints":{"allow":["GET"]}}],"collection":[{"href":"https:\/\/ratmed.org\/index.php\/wp-json\/wp\/v2\/posts"}],"about":[{"href":"https:\/\/ratmed.org\/index.php\/wp-json\/wp\/v2\/types\/post"}],"author":[{"embeddable":true,"href":"https:\/\/ratmed.org\/index.php\/wp-json\/wp\/v2\/users\/1"}],"replies":[{"embeddable":true,"href":"https:\/\/ratmed.org\/index.php\/wp-json\/wp\/v2\/comments?post=2835"}],"version-history":[{"count":2,"href":"https:\/\/ratmed.org\/index.php\/wp-json\/wp\/v2\/posts\/2835\/revisions"}],"predecessor-version":[{"id":2838,"href":"https:\/\/ratmed.org\/index.php\/wp-json\/wp\/v2\/posts\/2835\/revisions\/2838"}],"wp:attachment":[{"href":"https:\/\/ratmed.org\/index.php\/wp-json\/wp\/v2\/media?parent=2835"}],"wp:term":[{"taxonomy":"category","embeddable":true,"href":"https:\/\/ratmed.org\/index.php\/wp-json\/wp\/v2\/categories?post=2835"},{"taxonomy":"post_tag","embeddable":true,"href":"https:\/\/ratmed.org\/index.php\/wp-json\/wp\/v2\/tags?post=2835"}],"curies":[{"name":"wp","href":"https:\/\/api.w.org\/{rel}","templated":true}]}}