{"id":3133,"date":"2023-10-08T11:22:46","date_gmt":"2023-10-08T10:22:46","guid":{"rendered":"https:\/\/ratmed.org\/?p=3133"},"modified":"2023-10-10T11:36:36","modified_gmt":"2023-10-10T10:36:36","slug":"ptrm-na-dniu-zdrowia-w-tychach","status":"publish","type":"post","link":"https:\/\/ratmed.org\/index.php\/2023\/10\/08\/ptrm-na-dniu-zdrowia-w-tychach\/","title":{"rendered":"PTRM na Dniu Zdrowia w Tychach"},"content":{"rendered":"<p>Przedstawiciele Polskiego Towarzystwa Ratownik\u00f3w Medycznych (PTRM) byli obecni na Dniu Zdrowia w Tychach. Miejski Dzie\u0144 Zdrowia odby\u0142 si\u0119 w dniu 7 pa\u017adziernika 2023 roku w Gemini Park Tychy. Zgodnie z programem odby\u0142y si\u0119 bezp\u0142atne badania, konsultacje, wyk\u0142ady prozdrowotne, pokazy ratownictwa medycznego.<\/p>\n<p><img loading=\"lazy\" decoding=\"async\" class=\"wp-image-3130 size-medium aligncenter\" src=\"https:\/\/ratmed.org\/wp-content\/uploads\/2023\/10\/2023-10-06-Grafika-Dzien-Zdrowia-Tychy-300x200.jpg\" alt=\"\" width=\"300\" height=\"200\" srcset=\"https:\/\/ratmed.org\/wp-content\/uploads\/2023\/10\/2023-10-06-Grafika-Dzien-Zdrowia-Tychy-300x200.jpg 300w, https:\/\/ratmed.org\/wp-content\/uploads\/2023\/10\/2023-10-06-Grafika-Dzien-Zdrowia-Tychy-1024x683.jpg 1024w, https:\/\/ratmed.org\/wp-content\/uploads\/2023\/10\/2023-10-06-Grafika-Dzien-Zdrowia-Tychy-768x512.jpg 768w, https:\/\/ratmed.org\/wp-content\/uploads\/2023\/10\/2023-10-06-Grafika-Dzien-Zdrowia-Tychy.jpg 1200w\" sizes=\"auto, (max-width: 300px) 100vw, 300px\" \/><\/p>\n<p>By\u0142o nas mo\u017cna spotka\u0107 przy sklepie \u201c<em>RTV EURO AGD<\/em>\u201c. Mieli\u015bmy ze sob\u0105 fantomy i sprz\u0119t ratownicy. Ka\u017cdy m\u00f3g\u0142 do nas przyj\u015b\u0107 i spr\u00f3bowa\u0107 na manekinie np. w jaki spos\u00f3b prawid\u0142owo uciska\u0107 klatk\u0119 piersiow\u0105.<\/p>\n<p>Dzi\u0119kujemy wszystkim osobom, kt\u00f3re odwiedzi\u0142y nasze stanowisko. Szczeg\u00f3lne podzi\u0119kowania dla Zespo\u0142u reprezentuj\u0105cego PTRM podczas wydarzenia!<\/p>\n<p>Poni\u017cej zamieszczamy fotorelacje z wydarzenia.<\/p>\n<p><img loading=\"lazy\" decoding=\"async\" class=\"size-large wp-image-3134 aligncenter\" src=\"https:\/\/ratmed.org\/wp-content\/uploads\/2023\/10\/2023-10-10-1-IMG-20231007-WA0005-1024x461.jpg\" alt=\"\" width=\"780\" height=\"351\" srcset=\"https:\/\/ratmed.org\/wp-content\/uploads\/2023\/10\/2023-10-10-1-IMG-20231007-WA0005-1024x461.jpg 1024w, https:\/\/ratmed.org\/wp-content\/uploads\/2023\/10\/2023-10-10-1-IMG-20231007-WA0005-300x135.jpg 300w, https:\/\/ratmed.org\/wp-content\/uploads\/2023\/10\/2023-10-10-1-IMG-20231007-WA0005-768x346.jpg 768w, https:\/\/ratmed.org\/wp-content\/uploads\/2023\/10\/2023-10-10-1-IMG-20231007-WA0005-1536x691.jpg 1536w, https:\/\/ratmed.org\/wp-content\/uploads\/2023\/10\/2023-10-10-1-IMG-20231007-WA0005.jpg 1600w\" sizes=\"auto, (max-width: 780px) 100vw, 780px\" \/><\/p>\n<p><img loading=\"lazy\" decoding=\"async\" class=\"size-large wp-image-3135 aligncenter\" src=\"https:\/\/ratmed.org\/wp-content\/uploads\/2023\/10\/2023-10-10-2-IMG-20231009-WA0012-461x1024.jpg\" alt=\"\" width=\"461\" height=\"1024\" srcset=\"https:\/\/ratmed.org\/wp-content\/uploads\/2023\/10\/2023-10-10-2-IMG-20231009-WA0012-461x1024.jpg 461w, https:\/\/ratmed.org\/wp-content\/uploads\/2023\/10\/2023-10-10-2-IMG-20231009-WA0012-135x300.jpg 135w, https:\/\/ratmed.org\/wp-content\/uploads\/2023\/10\/2023-10-10-2-IMG-20231009-WA0012-691x1536.jpg 691w, https:\/\/ratmed.org\/wp-content\/uploads\/2023\/10\/2023-10-10-2-IMG-20231009-WA0012.jpg 720w\" sizes=\"auto, (max-width: 461px) 100vw, 461px\" \/><\/p>\n<p><img loading=\"lazy\" decoding=\"async\" class=\"size-large wp-image-3136 aligncenter\" src=\"https:\/\/ratmed.org\/wp-content\/uploads\/2023\/10\/2023-10-10-3-IMG-20231009-WA0014-1024x461.jpg\" alt=\"\" width=\"780\" height=\"351\" srcset=\"https:\/\/ratmed.org\/wp-content\/uploads\/2023\/10\/2023-10-10-3-IMG-20231009-WA0014-1024x461.jpg 1024w, https:\/\/ratmed.org\/wp-content\/uploads\/2023\/10\/2023-10-10-3-IMG-20231009-WA0014-300x135.jpg 300w, https:\/\/ratmed.org\/wp-content\/uploads\/2023\/10\/2023-10-10-3-IMG-20231009-WA0014-768x346.jpg 768w, https:\/\/ratmed.org\/wp-content\/uploads\/2023\/10\/2023-10-10-3-IMG-20231009-WA0014-1536x691.jpg 1536w, https:\/\/ratmed.org\/wp-content\/uploads\/2023\/10\/2023-10-10-3-IMG-20231009-WA0014.jpg 2000w\" sizes=\"auto, (max-width: 780px) 100vw, 780px\" \/><\/p>\n<p><img loading=\"lazy\" decoding=\"async\" class=\"size-large wp-image-3137 aligncenter\" src=\"https:\/\/ratmed.org\/wp-content\/uploads\/2023\/10\/2023-10-10-4-IMG-20231009-WA0013-1024x461.jpg\" alt=\"\" width=\"780\" height=\"351\" srcset=\"https:\/\/ratmed.org\/wp-content\/uploads\/2023\/10\/2023-10-10-4-IMG-20231009-WA0013-1024x461.jpg 1024w, https:\/\/ratmed.org\/wp-content\/uploads\/2023\/10\/2023-10-10-4-IMG-20231009-WA0013-300x135.jpg 300w, https:\/\/ratmed.org\/wp-content\/uploads\/2023\/10\/2023-10-10-4-IMG-20231009-WA0013-768x346.jpg 768w, https:\/\/ratmed.org\/wp-content\/uploads\/2023\/10\/2023-10-10-4-IMG-20231009-WA0013-1536x691.jpg 1536w, https:\/\/ratmed.org\/wp-content\/uploads\/2023\/10\/2023-10-10-4-IMG-20231009-WA0013.jpg 1600w\" sizes=\"auto, (max-width: 780px) 100vw, 780px\" \/><\/p>\n<p><img loading=\"lazy\" decoding=\"async\" class=\"size-full wp-image-3129 aligncenter\" src=\"https:\/\/ratmed.org\/wp-content\/uploads\/2023\/10\/2023-10-06-Plakat-Dzien-Zdrowia.jpg\" alt=\"\" width=\"678\" height=\"956\" srcset=\"https:\/\/ratmed.org\/wp-content\/uploads\/2023\/10\/2023-10-06-Plakat-Dzien-Zdrowia.jpg 678w, https:\/\/ratmed.org\/wp-content\/uploads\/2023\/10\/2023-10-06-Plakat-Dzien-Zdrowia-213x300.jpg 213w\" sizes=\"auto, (max-width: 678px) 100vw, 678px\" \/><\/p>\n","protected":false},"excerpt":{"rendered":"<p>Przedstawiciele Polskiego Towarzystwa Ratownik\u00f3w Medycznych (PTRM) byli obecni na Dniu Zdrowia w Tychach. Miejski Dzie\u0144 Zdrowia odby\u0142 si\u0119 w dniu [&hellip;]<\/p>\n","protected":false},"author":1,"featured_media":0,"comment_status":"open","ping_status":"open","sticky":false,"template":"","format":"standard","meta":{"footnotes":"","_links_to":"","_links_to_target":""},"categories":[1],"tags":[],"class_list":["post-3133","post","type-post","status-publish","format-standard","hentry","category-uncategorized"],"yoast_head":"<!-- This site is optimized with the Yoast SEO plugin v27.5 - https:\/\/yoast.com\/product\/yoast-seo-wordpress\/ -->\n<title>PTRM na Dniu Zdrowia w Tychach -<\/title>\n<meta name=\"robots\" content=\"index, follow, max-snippet:-1, max-image-preview:large, max-video-preview:-1\" \/>\n<link rel=\"canonical\" href=\"https:\/\/ratmed.org\/index.php\/2023\/10\/08\/ptrm-na-dniu-zdrowia-w-tychach\/\" \/>\n<meta property=\"og:locale\" content=\"pl_PL\" \/>\n<meta property=\"og:type\" content=\"article\" \/>\n<meta property=\"og:title\" content=\"PTRM na Dniu Zdrowia w Tychach -\" \/>\n<meta property=\"og:description\" content=\"Przedstawiciele Polskiego Towarzystwa Ratownik\u00f3w Medycznych (PTRM) byli obecni na Dniu Zdrowia w Tychach. Miejski Dzie\u0144 Zdrowia odby\u0142 si\u0119 w dniu [&hellip;]\" \/>\n<meta property=\"og:url\" content=\"https:\/\/ratmed.org\/index.php\/2023\/10\/08\/ptrm-na-dniu-zdrowia-w-tychach\/\" \/>\n<meta property=\"article:author\" content=\"https:\/\/web.facebook.com\/Polskie-Towarzystwo-Ratownikw-Medycznych-128583367841533\/\" \/>\n<meta property=\"article:published_time\" content=\"2023-10-08T10:22:46+00:00\" \/>\n<meta property=\"article:modified_time\" content=\"2023-10-10T10:36:36+00:00\" \/>\n<meta property=\"og:image\" content=\"https:\/\/ratmed.org\/wp-content\/uploads\/2023\/10\/2023-10-06-Grafika-Dzien-Zdrowia-Tychy-300x200.jpg\" \/>\n<meta name=\"author\" content=\"szafir6\" \/>\n<meta name=\"twitter:card\" content=\"summary_large_image\" \/>\n<meta name=\"twitter:label1\" content=\"Napisane przez\" \/>\n\t<meta name=\"twitter:data1\" content=\"szafir6\" \/>\n\t<meta name=\"twitter:label2\" content=\"Szacowany czas czytania\" \/>\n\t<meta name=\"twitter:data2\" content=\"2 minuty\" \/>\n<script type=\"application\/ld+json\" class=\"yoast-schema-graph\">{\"@context\":\"https:\\\/\\\/schema.org\",\"@graph\":[{\"@type\":\"Article\",\"@id\":\"https:\\\/\\\/ratmed.org\\\/index.php\\\/2023\\\/10\\\/08\\\/ptrm-na-dniu-zdrowia-w-tychach\\\/#article\",\"isPartOf\":{\"@id\":\"https:\\\/\\\/ratmed.org\\\/index.php\\\/2023\\\/10\\\/08\\\/ptrm-na-dniu-zdrowia-w-tychach\\\/\"},\"author\":{\"name\":\"szafir6\",\"@id\":\"https:\\\/\\\/ratmed.org\\\/#\\\/schema\\\/person\\\/2803219621d75b7faebffd3898ea5816\"},\"headline\":\"PTRM na Dniu Zdrowia w Tychach\",\"datePublished\":\"2023-10-08T10:22:46+00:00\",\"dateModified\":\"2023-10-10T10:36:36+00:00\",\"mainEntityOfPage\":{\"@id\":\"https:\\\/\\\/ratmed.org\\\/index.php\\\/2023\\\/10\\\/08\\\/ptrm-na-dniu-zdrowia-w-tychach\\\/\"},\"wordCount\":120,\"commentCount\":0,\"image\":{\"@id\":\"https:\\\/\\\/ratmed.org\\\/index.php\\\/2023\\\/10\\\/08\\\/ptrm-na-dniu-zdrowia-w-tychach\\\/#primaryimage\"},\"thumbnailUrl\":\"https:\\\/\\\/ratmed.org\\\/wp-content\\\/uploads\\\/2023\\\/10\\\/2023-10-06-Grafika-Dzien-Zdrowia-Tychy-300x200.jpg\",\"articleSection\":[\"Uncategorized\"],\"inLanguage\":\"pl-PL\",\"potentialAction\":[{\"@type\":\"CommentAction\",\"name\":\"Comment\",\"target\":[\"https:\\\/\\\/ratmed.org\\\/index.php\\\/2023\\\/10\\\/08\\\/ptrm-na-dniu-zdrowia-w-tychach\\\/#respond\"]}]},{\"@type\":\"WebPage\",\"@id\":\"https:\\\/\\\/ratmed.org\\\/index.php\\\/2023\\\/10\\\/08\\\/ptrm-na-dniu-zdrowia-w-tychach\\\/\",\"url\":\"https:\\\/\\\/ratmed.org\\\/index.php\\\/2023\\\/10\\\/08\\\/ptrm-na-dniu-zdrowia-w-tychach\\\/\",\"name\":\"PTRM na Dniu Zdrowia w Tychach -\",\"isPartOf\":{\"@id\":\"https:\\\/\\\/ratmed.org\\\/#website\"},\"primaryImageOfPage\":{\"@id\":\"https:\\\/\\\/ratmed.org\\\/index.php\\\/2023\\\/10\\\/08\\\/ptrm-na-dniu-zdrowia-w-tychach\\\/#primaryimage\"},\"image\":{\"@id\":\"https:\\\/\\\/ratmed.org\\\/index.php\\\/2023\\\/10\\\/08\\\/ptrm-na-dniu-zdrowia-w-tychach\\\/#primaryimage\"},\"thumbnailUrl\":\"https:\\\/\\\/ratmed.org\\\/wp-content\\\/uploads\\\/2023\\\/10\\\/2023-10-06-Grafika-Dzien-Zdrowia-Tychy-300x200.jpg\",\"datePublished\":\"2023-10-08T10:22:46+00:00\",\"dateModified\":\"2023-10-10T10:36:36+00:00\",\"author\":{\"@id\":\"https:\\\/\\\/ratmed.org\\\/#\\\/schema\\\/person\\\/2803219621d75b7faebffd3898ea5816\"},\"breadcrumb\":{\"@id\":\"https:\\\/\\\/ratmed.org\\\/index.php\\\/2023\\\/10\\\/08\\\/ptrm-na-dniu-zdrowia-w-tychach\\\/#breadcrumb\"},\"inLanguage\":\"pl-PL\",\"potentialAction\":[{\"@type\":\"ReadAction\",\"target\":[\"https:\\\/\\\/ratmed.org\\\/index.php\\\/2023\\\/10\\\/08\\\/ptrm-na-dniu-zdrowia-w-tychach\\\/\"]}]},{\"@type\":\"ImageObject\",\"inLanguage\":\"pl-PL\",\"@id\":\"https:\\\/\\\/ratmed.org\\\/index.php\\\/2023\\\/10\\\/08\\\/ptrm-na-dniu-zdrowia-w-tychach\\\/#primaryimage\",\"url\":\"https:\\\/\\\/ratmed.org\\\/wp-content\\\/uploads\\\/2023\\\/10\\\/2023-10-06-Grafika-Dzien-Zdrowia-Tychy.jpg\",\"contentUrl\":\"https:\\\/\\\/ratmed.org\\\/wp-content\\\/uploads\\\/2023\\\/10\\\/2023-10-06-Grafika-Dzien-Zdrowia-Tychy.jpg\",\"width\":1200,\"height\":800},{\"@type\":\"BreadcrumbList\",\"@id\":\"https:\\\/\\\/ratmed.org\\\/index.php\\\/2023\\\/10\\\/08\\\/ptrm-na-dniu-zdrowia-w-tychach\\\/#breadcrumb\",\"itemListElement\":[{\"@type\":\"ListItem\",\"position\":1,\"name\":\"Strona g\u0142\u00f3wna\",\"item\":\"https:\\\/\\\/ratmed.org\\\/\"},{\"@type\":\"ListItem\",\"position\":2,\"name\":\"PTRM na Dniu Zdrowia w Tychach\"}]},{\"@type\":\"WebSite\",\"@id\":\"https:\\\/\\\/ratmed.org\\\/#website\",\"url\":\"https:\\\/\\\/ratmed.org\\\/\",\"name\":\"\",\"description\":\"Polskie Towarzystwo Ratownik\u00f3w Medycznych\",\"potentialAction\":[{\"@type\":\"SearchAction\",\"target\":{\"@type\":\"EntryPoint\",\"urlTemplate\":\"https:\\\/\\\/ratmed.org\\\/?s={search_term_string}\"},\"query-input\":{\"@type\":\"PropertyValueSpecification\",\"valueRequired\":true,\"valueName\":\"search_term_string\"}}],\"inLanguage\":\"pl-PL\"},{\"@type\":\"Person\",\"@id\":\"https:\\\/\\\/ratmed.org\\\/#\\\/schema\\\/person\\\/2803219621d75b7faebffd3898ea5816\",\"name\":\"szafir6\",\"image\":{\"@type\":\"ImageObject\",\"inLanguage\":\"pl-PL\",\"@id\":\"https:\\\/\\\/secure.gravatar.com\\\/avatar\\\/ba97dfecbcb5570ce62cccf7417ed5b625624478a61981e9c13c85867ff92d83?s=96&d=mm&r=g\",\"url\":\"https:\\\/\\\/secure.gravatar.com\\\/avatar\\\/ba97dfecbcb5570ce62cccf7417ed5b625624478a61981e9c13c85867ff92d83?s=96&d=mm&r=g\",\"contentUrl\":\"https:\\\/\\\/secure.gravatar.com\\\/avatar\\\/ba97dfecbcb5570ce62cccf7417ed5b625624478a61981e9c13c85867ff92d83?s=96&d=mm&r=g\",\"caption\":\"szafir6\"},\"sameAs\":[\"https:\\\/\\\/web.facebook.com\\\/Polskie-Towarzystwo-Ratownikw-Medycznych-128583367841533\\\/\"],\"url\":\"https:\\\/\\\/ratmed.org\\\/index.php\\\/author\\\/admin8617\\\/\"}]}<\/script>\n<!-- \/ Yoast SEO plugin. -->","yoast_head_json":{"title":"PTRM na Dniu Zdrowia w Tychach -","robots":{"index":"index","follow":"follow","max-snippet":"max-snippet:-1","max-image-preview":"max-image-preview:large","max-video-preview":"max-video-preview:-1"},"canonical":"https:\/\/ratmed.org\/index.php\/2023\/10\/08\/ptrm-na-dniu-zdrowia-w-tychach\/","og_locale":"pl_PL","og_type":"article","og_title":"PTRM na Dniu Zdrowia w Tychach -","og_description":"Przedstawiciele Polskiego Towarzystwa Ratownik\u00f3w Medycznych (PTRM) byli obecni na Dniu Zdrowia w Tychach. Miejski Dzie\u0144 Zdrowia odby\u0142 si\u0119 w dniu [&hellip;]","og_url":"https:\/\/ratmed.org\/index.php\/2023\/10\/08\/ptrm-na-dniu-zdrowia-w-tychach\/","article_author":"https:\/\/web.facebook.com\/Polskie-Towarzystwo-Ratownikw-Medycznych-128583367841533\/","article_published_time":"2023-10-08T10:22:46+00:00","article_modified_time":"2023-10-10T10:36:36+00:00","og_image":[{"url":"https:\/\/ratmed.org\/wp-content\/uploads\/2023\/10\/2023-10-06-Grafika-Dzien-Zdrowia-Tychy-300x200.jpg","type":"","width":"","height":""}],"author":"szafir6","twitter_card":"summary_large_image","twitter_misc":{"Napisane przez":"szafir6","Szacowany czas czytania":"2 minuty"},"schema":{"@context":"https:\/\/schema.org","@graph":[{"@type":"Article","@id":"https:\/\/ratmed.org\/index.php\/2023\/10\/08\/ptrm-na-dniu-zdrowia-w-tychach\/#article","isPartOf":{"@id":"https:\/\/ratmed.org\/index.php\/2023\/10\/08\/ptrm-na-dniu-zdrowia-w-tychach\/"},"author":{"name":"szafir6","@id":"https:\/\/ratmed.org\/#\/schema\/person\/2803219621d75b7faebffd3898ea5816"},"headline":"PTRM na Dniu Zdrowia w Tychach","datePublished":"2023-10-08T10:22:46+00:00","dateModified":"2023-10-10T10:36:36+00:00","mainEntityOfPage":{"@id":"https:\/\/ratmed.org\/index.php\/2023\/10\/08\/ptrm-na-dniu-zdrowia-w-tychach\/"},"wordCount":120,"commentCount":0,"image":{"@id":"https:\/\/ratmed.org\/index.php\/2023\/10\/08\/ptrm-na-dniu-zdrowia-w-tychach\/#primaryimage"},"thumbnailUrl":"https:\/\/ratmed.org\/wp-content\/uploads\/2023\/10\/2023-10-06-Grafika-Dzien-Zdrowia-Tychy-300x200.jpg","articleSection":["Uncategorized"],"inLanguage":"pl-PL","potentialAction":[{"@type":"CommentAction","name":"Comment","target":["https:\/\/ratmed.org\/index.php\/2023\/10\/08\/ptrm-na-dniu-zdrowia-w-tychach\/#respond"]}]},{"@type":"WebPage","@id":"https:\/\/ratmed.org\/index.php\/2023\/10\/08\/ptrm-na-dniu-zdrowia-w-tychach\/","url":"https:\/\/ratmed.org\/index.php\/2023\/10\/08\/ptrm-na-dniu-zdrowia-w-tychach\/","name":"PTRM na Dniu Zdrowia w Tychach -","isPartOf":{"@id":"https:\/\/ratmed.org\/#website"},"primaryImageOfPage":{"@id":"https:\/\/ratmed.org\/index.php\/2023\/10\/08\/ptrm-na-dniu-zdrowia-w-tychach\/#primaryimage"},"image":{"@id":"https:\/\/ratmed.org\/index.php\/2023\/10\/08\/ptrm-na-dniu-zdrowia-w-tychach\/#primaryimage"},"thumbnailUrl":"https:\/\/ratmed.org\/wp-content\/uploads\/2023\/10\/2023-10-06-Grafika-Dzien-Zdrowia-Tychy-300x200.jpg","datePublished":"2023-10-08T10:22:46+00:00","dateModified":"2023-10-10T10:36:36+00:00","author":{"@id":"https:\/\/ratmed.org\/#\/schema\/person\/2803219621d75b7faebffd3898ea5816"},"breadcrumb":{"@id":"https:\/\/ratmed.org\/index.php\/2023\/10\/08\/ptrm-na-dniu-zdrowia-w-tychach\/#breadcrumb"},"inLanguage":"pl-PL","potentialAction":[{"@type":"ReadAction","target":["https:\/\/ratmed.org\/index.php\/2023\/10\/08\/ptrm-na-dniu-zdrowia-w-tychach\/"]}]},{"@type":"ImageObject","inLanguage":"pl-PL","@id":"https:\/\/ratmed.org\/index.php\/2023\/10\/08\/ptrm-na-dniu-zdrowia-w-tychach\/#primaryimage","url":"https:\/\/ratmed.org\/wp-content\/uploads\/2023\/10\/2023-10-06-Grafika-Dzien-Zdrowia-Tychy.jpg","contentUrl":"https:\/\/ratmed.org\/wp-content\/uploads\/2023\/10\/2023-10-06-Grafika-Dzien-Zdrowia-Tychy.jpg","width":1200,"height":800},{"@type":"BreadcrumbList","@id":"https:\/\/ratmed.org\/index.php\/2023\/10\/08\/ptrm-na-dniu-zdrowia-w-tychach\/#breadcrumb","itemListElement":[{"@type":"ListItem","position":1,"name":"Strona g\u0142\u00f3wna","item":"https:\/\/ratmed.org\/"},{"@type":"ListItem","position":2,"name":"PTRM na Dniu Zdrowia w Tychach"}]},{"@type":"WebSite","@id":"https:\/\/ratmed.org\/#website","url":"https:\/\/ratmed.org\/","name":"","description":"Polskie Towarzystwo Ratownik\u00f3w Medycznych","potentialAction":[{"@type":"SearchAction","target":{"@type":"EntryPoint","urlTemplate":"https:\/\/ratmed.org\/?s={search_term_string}"},"query-input":{"@type":"PropertyValueSpecification","valueRequired":true,"valueName":"search_term_string"}}],"inLanguage":"pl-PL"},{"@type":"Person","@id":"https:\/\/ratmed.org\/#\/schema\/person\/2803219621d75b7faebffd3898ea5816","name":"szafir6","image":{"@type":"ImageObject","inLanguage":"pl-PL","@id":"https:\/\/secure.gravatar.com\/avatar\/ba97dfecbcb5570ce62cccf7417ed5b625624478a61981e9c13c85867ff92d83?s=96&d=mm&r=g","url":"https:\/\/secure.gravatar.com\/avatar\/ba97dfecbcb5570ce62cccf7417ed5b625624478a61981e9c13c85867ff92d83?s=96&d=mm&r=g","contentUrl":"https:\/\/secure.gravatar.com\/avatar\/ba97dfecbcb5570ce62cccf7417ed5b625624478a61981e9c13c85867ff92d83?s=96&d=mm&r=g","caption":"szafir6"},"sameAs":["https:\/\/web.facebook.com\/Polskie-Towarzystwo-Ratownikw-Medycznych-128583367841533\/"],"url":"https:\/\/ratmed.org\/index.php\/author\/admin8617\/"}]}},"_links":{"self":[{"href":"https:\/\/ratmed.org\/index.php\/wp-json\/wp\/v2\/posts\/3133","targetHints":{"allow":["GET"]}}],"collection":[{"href":"https:\/\/ratmed.org\/index.php\/wp-json\/wp\/v2\/posts"}],"about":[{"href":"https:\/\/ratmed.org\/index.php\/wp-json\/wp\/v2\/types\/post"}],"author":[{"embeddable":true,"href":"https:\/\/ratmed.org\/index.php\/wp-json\/wp\/v2\/users\/1"}],"replies":[{"embeddable":true,"href":"https:\/\/ratmed.org\/index.php\/wp-json\/wp\/v2\/comments?post=3133"}],"version-history":[{"count":2,"href":"https:\/\/ratmed.org\/index.php\/wp-json\/wp\/v2\/posts\/3133\/revisions"}],"predecessor-version":[{"id":3139,"href":"https:\/\/ratmed.org\/index.php\/wp-json\/wp\/v2\/posts\/3133\/revisions\/3139"}],"wp:attachment":[{"href":"https:\/\/ratmed.org\/index.php\/wp-json\/wp\/v2\/media?parent=3133"}],"wp:term":[{"taxonomy":"category","embeddable":true,"href":"https:\/\/ratmed.org\/index.php\/wp-json\/wp\/v2\/categories?post=3133"},{"taxonomy":"post_tag","embeddable":true,"href":"https:\/\/ratmed.org\/index.php\/wp-json\/wp\/v2\/tags?post=3133"}],"curies":[{"name":"wp","href":"https:\/\/api.w.org\/{rel}","templated":true}]}}