{"id":3169,"date":"2023-10-24T05:54:43","date_gmt":"2023-10-24T04:54:43","guid":{"rendered":"https:\/\/ratmed.org\/?p=3169"},"modified":"2023-10-24T05:54:43","modified_gmt":"2023-10-24T04:54:43","slug":"zapraszamy-organizacje-zrzeszajace-ratownikow-medycznych-do-udzialu-w-i-ogolnopolskim-zjezdzie-organizacji-zrzeszajacych-ratownikow-medycznych-wspolnie-dla-zawodu-26-27-li","status":"publish","type":"post","link":"https:\/\/ratmed.org\/index.php\/2023\/10\/24\/zapraszamy-organizacje-zrzeszajace-ratownikow-medycznych-do-udzialu-w-i-ogolnopolskim-zjezdzie-organizacji-zrzeszajacych-ratownikow-medycznych-wspolnie-dla-zawodu-26-27-li\/","title":{"rendered":"Zapraszamy organizacje zrzeszaj\u0105ce ratownik\u00f3w medycznych do udzia\u0142u w I Og\u00f3lnopolskim Zje\u017adzie Organizacji zrzeszaj\u0105cych ratownik\u00f3w medycznych \u2013 \u201eWsp\u00f3lnie dla zawodu\u201d, 26-27 listopada 2023 r., Smardzewice"},"content":{"rendered":"<p>Polskie Towarzystwo Ratownik\u00f3w Medycznych zaprasza organizacje zrzeszaj\u0105ce ratownik\u00f3w medycznych do udzia\u0142u w I Og\u00f3lnopolskim Zje\u017adzie Organizacji zrzeszaj\u0105cych ratownik\u00f3w medycznych \u2013 \u201e<strong><em>Wsp\u00f3lnie dla zawodu<\/em><\/strong>\u201d.<\/p>\n<p><img loading=\"lazy\" decoding=\"async\" class=\"size-large wp-image-3170 aligncenter\" src=\"https:\/\/ratmed.org\/wp-content\/uploads\/2023\/10\/2023-10-09-Baner-z-logiem-i-nazwa-wydarzenia-po-korekcie-z-krzyzem-1024x235.jpg\" alt=\"\" width=\"780\" height=\"179\" srcset=\"https:\/\/ratmed.org\/wp-content\/uploads\/2023\/10\/2023-10-09-Baner-z-logiem-i-nazwa-wydarzenia-po-korekcie-z-krzyzem-1024x235.jpg 1024w, https:\/\/ratmed.org\/wp-content\/uploads\/2023\/10\/2023-10-09-Baner-z-logiem-i-nazwa-wydarzenia-po-korekcie-z-krzyzem-300x69.jpg 300w, https:\/\/ratmed.org\/wp-content\/uploads\/2023\/10\/2023-10-09-Baner-z-logiem-i-nazwa-wydarzenia-po-korekcie-z-krzyzem-768x176.jpg 768w, https:\/\/ratmed.org\/wp-content\/uploads\/2023\/10\/2023-10-09-Baner-z-logiem-i-nazwa-wydarzenia-po-korekcie-z-krzyzem.jpg 1147w\" sizes=\"auto, (max-width: 780px) 100vw, 780px\" \/><\/p>\n<p>W zwi\u0105zku z uchwaleniem ustawy z dnia 1 grudnia 2022 r. o zawodzie ratownika medycznego oraz samorz\u0105dzie ratownik\u00f3w medycznych (Dz. U. poz. 2705), przygotowa\u0144 Komitetu Organizacyjnego Samorz\u0105du Ratownik\u00f3w Medycznych (KOSRM) do uruchomienia spisu ratownik\u00f3w medycznych i wyboru delegat\u00f3w na Krajowy Zjazd Ratownik\u00f3w Medycznych (KZRM), a tym samym tworzeniem organ\u00f3w samorz\u0105du ratownik\u00f3w medycznych oraz wyst\u0119powania problem\u00f3w z organizacj\u0105 i funkcjonowaniem systemu Pa\u0144stwowe Ratownictwo Medyczne, konieczne jest podj\u0119cie dzia\u0142a\u0144 maj\u0105cych na celu utworzenie platformy do merytorycznej dyskusji o wyst\u0119puj\u0105cych problemach z realizacj\u0105 zada\u0144 zawodowych przez ratownik\u00f3w medycznych oraz organizacji i funkcjonowania systemu Pa\u0144stwowe Ratownictwo Medyczne.<\/p>\n<p>Program dwudniowego Zjazdu obejmuje 5 paneli tematycznych:<\/p>\n<ul>\n<li><strong>PANEL 1<\/strong> \u2013 \u201e<em>Samorz\u0105d = Du\u017ca firma?<\/em>\u201d<\/li>\n<li><strong>PANEL 2<\/strong> \u2013 \u201e<em>Jak widzimy organizacj\u0119 przysz\u0142ej Krajowej Rady Ratownik\u00f3w Medycznych?\u201d<\/em><\/li>\n<li><strong>PANEL 3<\/strong> \u2013 \u201eO systemie PRM s\u0142\u00f3w kilka \u2026\u201d<\/li>\n<li><strong>PANEL 4<\/strong> \u2013 \u201eRola i miejsce zawodu ratownika medycznego w systemie ochrony zdrowia\u201d<\/li>\n<li><strong>PANEL 5<\/strong> \u2013 \u201e<em>Jak spotyka\u0107 si\u0119 z \u2026.<\/em>\u201d<\/li>\n<\/ul>\n<p><strong>Zasady prowadzenia paneli dyskusyjnych<\/strong><\/p>\n<p>Na czas trwania ca\u0142ego Zjazdu b\u0119dzie wyznaczony jeden moderator. W panelach od 1 \u2013 4 jako wprowadzenie do dyskusji zaplanowana jest bardzo kr\u00f3tka prezentacja. Prezentacja b\u0119dzie prezentowana przez prowadz\u0105cego ka\u017cdej z sesji. Po zako\u0144czeniu prezentacji wprowadzaj\u0105cej ka\u017cdy szef delegacji b\u0119dzie mia\u0142 czas 3 minut na wypowied\u017a w temacie danego panelu. Czas wypowiedzi ka\u017cdego z szef\u00f3w delegacji kontroluje prowadz\u0105cy dan\u0105 sesj\u0119. Po zako\u0144czeniu wypowiedzi ostatniego szefa delegacji pozosta\u0142y czas jaki pozostanie w danym panelu b\u0119dzie przeznaczony na dyskusj\u0119.<\/p>\n<p>W ramach panelu nr 3 ka\u017cdy z szef\u00f3w delegacji zaprezentuje 3 najwi\u0119ksze problemy zwi\u0105zane z organizacj\u0105 i funkcjonowaniem systemu Pa\u0144stwowe Ratownictwo Medyczne oraz propozycj\u0119 ich rozwi\u0105zania.<\/p>\n<p><strong>Zg\u0142oszenie udzia\u0142u w wydarzeniu<\/strong><\/p>\n<p>Ka\u017cda organizacja chc\u0105 wzi\u0105\u0107 udzia\u0142 w Zje\u017adzie ma obowi\u0105zek wys\u0142ania wype\u0142nione i podpisanego przez osob\u0119 upowa\u017cnion\u0105 formularza zg\u0142oszeniowego. Ka\u017cda organizacja mo\u017ce zg\u0142osi\u0107 maksymalnie 3 przedstawicieli.<\/p>\n<p>Skan wype\u0142nionego formularza zg\u0142oszeniowego wraz z podpisanymi zgodami nale\u017cy wys\u0142a\u0107<\/p>\n<p>w terminie do <strong>31 pa\u017adziernika 2023 r<\/strong>., na adres: <a href=\"mailto:ptrm@ratmed.org\">ptrm@ratmed.org<\/a><\/p>\n<p>Zjazd odb\u0119dzie si\u0119 w dniach 26 -27 listopada 2023 r. w Centrum Molo Szkolenia i Rekreacja, ul. Klonowa 16, 97-213 Smardzewice.<\/p>\n<p><img loading=\"lazy\" decoding=\"async\" class=\"size-full wp-image-3171 aligncenter\" src=\"https:\/\/ratmed.org\/wp-content\/uploads\/2023\/10\/2023-10-24-Mapa-Polski.jpg\" alt=\"\" width=\"493\" height=\"566\" srcset=\"https:\/\/ratmed.org\/wp-content\/uploads\/2023\/10\/2023-10-24-Mapa-Polski.jpg 493w, https:\/\/ratmed.org\/wp-content\/uploads\/2023\/10\/2023-10-24-Mapa-Polski-261x300.jpg 261w\" sizes=\"auto, (max-width: 493px) 100vw, 493px\" \/><\/p>\n<p><strong>Kontakt do organizatora<\/strong><\/p>\n<p>W przypadku pyta\u0144 Zesp\u00f3\u0142 Polskiego Towarzystwa Ratownik\u00f3w Medycznych pozostaje do Pa\u0144stwa dyspozycji.<\/p>\n<p>Osob\u0105 do kontakt\u00f3w roboczych jest Pan <strong><em>Micha\u0142 Kucap<\/em><\/strong>, dost\u0119pny pod numerem telefonu: <strong>513\u00a0189\u00a0190<\/strong> oraz pod adresem e-mail: <a href=\"mailto:kucapmichal@interia.pl\">kucapmichal@interia.pl<\/a><\/p>\n<p>&nbsp;<\/p>\n<p style=\"text-align: center;\"><strong><u>WA\u017bNE TERMINY<\/u>!<\/strong><\/p>\n<ul>\n<li>Termin na przesy\u0142anie formularza zg\u0142oszeniowego up\u0142ywa w dniu: <strong>31 pa\u017adziernika 2023 r.<\/strong> (wtorek).<\/li>\n<li>Termin na dokonanie p\u0142atno\u015bci za udzia\u0142 up\u0142ywa w dniu: <strong>10<\/strong> <strong>listopada 2023 r<\/strong>.<\/li>\n<\/ul>\n<p>Pe\u0142na informacja o Zje\u017adzie jest dost\u0119pna w materia\u0142ach informacyjnych dost\u0119pnych poni\u017cej.<\/p>\n<p><a href=\"https:\/\/ratmed.org\/wp-content\/uploads\/2023\/10\/2023-10-18-PROGRAM-I-Zjazdu-organizacji-zrzeszajaych-RM-Smardzewice-26-27.10.2023.pdf\">2023-10-18 PROGRAM I Zjazdu organizacji zrzeszaj\u0105ych RM &#8211; Smardzewice 26-27.10.2023<\/a><\/p>\n<p><a href=\"https:\/\/ratmed.org\/wp-content\/uploads\/2023\/10\/2023-10-18-Informacje-organizacyjne-I-Zjazd-organizacji-zrzeszajaych-RM-Smardzewice-26-27.10.2023.pdf\">2023-10-18 Informacje organizacyjne &#8211; I Zjazd organizacji zrzeszaj\u0105ych RM &#8211; Smardzewice 26-27.10.2023<\/a><\/p>\n<p><a href=\"https:\/\/ratmed.org\/wp-content\/uploads\/2023\/10\/2023-10-18-FORMULARZ-ZGLOSZENIOWY.pdf\">2023-10-18 FORMULARZ ZG\u0141OSZENIOWY<\/a><\/p>\n<p><img loading=\"lazy\" decoding=\"async\" class=\"size-large wp-image-3175 aligncenter\" src=\"https:\/\/ratmed.org\/wp-content\/uploads\/2023\/10\/2023-10-23-Zaproszenie-na-I-Ogolnopolski-Zjazd-organizacji-zrszeszajacych-RM-strona-1-FB-739x1024.jpg\" alt=\"\" width=\"739\" height=\"1024\" srcset=\"https:\/\/ratmed.org\/wp-content\/uploads\/2023\/10\/2023-10-23-Zaproszenie-na-I-Ogolnopolski-Zjazd-organizacji-zrszeszajacych-RM-strona-1-FB-739x1024.jpg 739w, https:\/\/ratmed.org\/wp-content\/uploads\/2023\/10\/2023-10-23-Zaproszenie-na-I-Ogolnopolski-Zjazd-organizacji-zrszeszajacych-RM-strona-1-FB-216x300.jpg 216w, https:\/\/ratmed.org\/wp-content\/uploads\/2023\/10\/2023-10-23-Zaproszenie-na-I-Ogolnopolski-Zjazd-organizacji-zrszeszajacych-RM-strona-1-FB-768x1064.jpg 768w, https:\/\/ratmed.org\/wp-content\/uploads\/2023\/10\/2023-10-23-Zaproszenie-na-I-Ogolnopolski-Zjazd-organizacji-zrszeszajacych-RM-strona-1-FB-1108x1536.jpg 1108w, https:\/\/ratmed.org\/wp-content\/uploads\/2023\/10\/2023-10-23-Zaproszenie-na-I-Ogolnopolski-Zjazd-organizacji-zrszeszajacych-RM-strona-1-FB-1478x2048.jpg 1478w, https:\/\/ratmed.org\/wp-content\/uploads\/2023\/10\/2023-10-23-Zaproszenie-na-I-Ogolnopolski-Zjazd-organizacji-zrszeszajacych-RM-strona-1-FB-scaled.jpg 1847w\" sizes=\"auto, (max-width: 739px) 100vw, 739px\" \/><\/p>\n<p><img loading=\"lazy\" decoding=\"async\" class=\"size-large wp-image-3176 aligncenter\" src=\"https:\/\/ratmed.org\/wp-content\/uploads\/2023\/10\/2023-10-23-Zaproszenie-na-I-Ogolnopolski-Zjazd-organizacji-zrszeszajacych-RM-strona-2-FB-739x1024.jpg\" alt=\"\" width=\"739\" height=\"1024\" srcset=\"https:\/\/ratmed.org\/wp-content\/uploads\/2023\/10\/2023-10-23-Zaproszenie-na-I-Ogolnopolski-Zjazd-organizacji-zrszeszajacych-RM-strona-2-FB-739x1024.jpg 739w, https:\/\/ratmed.org\/wp-content\/uploads\/2023\/10\/2023-10-23-Zaproszenie-na-I-Ogolnopolski-Zjazd-organizacji-zrszeszajacych-RM-strona-2-FB-216x300.jpg 216w, https:\/\/ratmed.org\/wp-content\/uploads\/2023\/10\/2023-10-23-Zaproszenie-na-I-Ogolnopolski-Zjazd-organizacji-zrszeszajacych-RM-strona-2-FB-768x1064.jpg 768w, https:\/\/ratmed.org\/wp-content\/uploads\/2023\/10\/2023-10-23-Zaproszenie-na-I-Ogolnopolski-Zjazd-organizacji-zrszeszajacych-RM-strona-2-FB-1108x1536.jpg 1108w, https:\/\/ratmed.org\/wp-content\/uploads\/2023\/10\/2023-10-23-Zaproszenie-na-I-Ogolnopolski-Zjazd-organizacji-zrszeszajacych-RM-strona-2-FB-1478x2048.jpg 1478w, https:\/\/ratmed.org\/wp-content\/uploads\/2023\/10\/2023-10-23-Zaproszenie-na-I-Ogolnopolski-Zjazd-organizacji-zrszeszajacych-RM-strona-2-FB-scaled.jpg 1847w\" sizes=\"auto, (max-width: 739px) 100vw, 739px\" \/><\/p>\n<p><img loading=\"lazy\" decoding=\"async\" class=\"size-full wp-image-3177 aligncenter\" src=\"https:\/\/ratmed.org\/wp-content\/uploads\/2023\/10\/2023-10-23-Logo-final.png\" alt=\"\" width=\"510\" height=\"327\" srcset=\"https:\/\/ratmed.org\/wp-content\/uploads\/2023\/10\/2023-10-23-Logo-final.png 510w, https:\/\/ratmed.org\/wp-content\/uploads\/2023\/10\/2023-10-23-Logo-final-300x192.png 300w\" sizes=\"auto, (max-width: 510px) 100vw, 510px\" \/><\/p>\n","protected":false},"excerpt":{"rendered":"<p>Polskie Towarzystwo Ratownik\u00f3w Medycznych zaprasza organizacje zrzeszaj\u0105ce ratownik\u00f3w medycznych do udzia\u0142u w I Og\u00f3lnopolskim Zje\u017adzie Organizacji zrzeszaj\u0105cych ratownik\u00f3w medycznych \u2013 [&hellip;]<\/p>\n","protected":false},"author":1,"featured_media":0,"comment_status":"open","ping_status":"open","sticky":false,"template":"","format":"standard","meta":{"footnotes":"","_links_to":"","_links_to_target":""},"categories":[1],"tags":[],"class_list":["post-3169","post","type-post","status-publish","format-standard","hentry","category-uncategorized"],"yoast_head":"<!-- This site is optimized with the Yoast SEO plugin v27.5 - https:\/\/yoast.com\/product\/yoast-seo-wordpress\/ -->\n<title>Zapraszamy organizacje zrzeszaj\u0105ce ratownik\u00f3w medycznych do udzia\u0142u w I Og\u00f3lnopolskim Zje\u017adzie Organizacji zrzeszaj\u0105cych ratownik\u00f3w medycznych \u2013 \u201eWsp\u00f3lnie dla zawodu\u201d, 26-27 listopada 2023 r., Smardzewice -<\/title>\n<meta name=\"robots\" content=\"index, follow, max-snippet:-1, max-image-preview:large, max-video-preview:-1\" \/>\n<link rel=\"canonical\" href=\"https:\/\/ratmed.org\/index.php\/2023\/10\/24\/zapraszamy-organizacje-zrzeszajace-ratownikow-medycznych-do-udzialu-w-i-ogolnopolskim-zjezdzie-organizacji-zrzeszajacych-ratownikow-medycznych-wspolnie-dla-zawodu-26-27-li\/\" \/>\n<meta property=\"og:locale\" content=\"pl_PL\" \/>\n<meta property=\"og:type\" content=\"article\" \/>\n<meta property=\"og:title\" content=\"Zapraszamy organizacje zrzeszaj\u0105ce ratownik\u00f3w medycznych do udzia\u0142u w I Og\u00f3lnopolskim Zje\u017adzie Organizacji zrzeszaj\u0105cych ratownik\u00f3w medycznych \u2013 \u201eWsp\u00f3lnie dla zawodu\u201d, 26-27 listopada 2023 r., Smardzewice -\" \/>\n<meta property=\"og:description\" content=\"Polskie Towarzystwo Ratownik\u00f3w Medycznych zaprasza organizacje zrzeszaj\u0105ce ratownik\u00f3w medycznych do udzia\u0142u w I Og\u00f3lnopolskim Zje\u017adzie Organizacji zrzeszaj\u0105cych ratownik\u00f3w medycznych \u2013 [&hellip;]\" \/>\n<meta property=\"og:url\" content=\"https:\/\/ratmed.org\/index.php\/2023\/10\/24\/zapraszamy-organizacje-zrzeszajace-ratownikow-medycznych-do-udzialu-w-i-ogolnopolskim-zjezdzie-organizacji-zrzeszajacych-ratownikow-medycznych-wspolnie-dla-zawodu-26-27-li\/\" \/>\n<meta property=\"article:author\" content=\"https:\/\/web.facebook.com\/Polskie-Towarzystwo-Ratownikw-Medycznych-128583367841533\/\" \/>\n<meta property=\"article:published_time\" content=\"2023-10-24T04:54:43+00:00\" \/>\n<meta property=\"og:image\" content=\"https:\/\/ratmed.org\/wp-content\/uploads\/2023\/10\/2023-10-09-Baner-z-logiem-i-nazwa-wydarzenia-po-korekcie-z-krzyzem-1024x235.jpg\" \/>\n<meta name=\"author\" content=\"szafir6\" \/>\n<meta name=\"twitter:card\" content=\"summary_large_image\" \/>\n<meta name=\"twitter:label1\" content=\"Napisane przez\" \/>\n\t<meta name=\"twitter:data1\" content=\"szafir6\" \/>\n\t<meta name=\"twitter:label2\" content=\"Szacowany czas czytania\" \/>\n\t<meta name=\"twitter:data2\" content=\"4 minuty\" \/>\n<script type=\"application\/ld+json\" class=\"yoast-schema-graph\">{\"@context\":\"https:\\\/\\\/schema.org\",\"@graph\":[{\"@type\":\"Article\",\"@id\":\"https:\\\/\\\/ratmed.org\\\/index.php\\\/2023\\\/10\\\/24\\\/zapraszamy-organizacje-zrzeszajace-ratownikow-medycznych-do-udzialu-w-i-ogolnopolskim-zjezdzie-organizacji-zrzeszajacych-ratownikow-medycznych-wspolnie-dla-zawodu-26-27-li\\\/#article\",\"isPartOf\":{\"@id\":\"https:\\\/\\\/ratmed.org\\\/index.php\\\/2023\\\/10\\\/24\\\/zapraszamy-organizacje-zrzeszajace-ratownikow-medycznych-do-udzialu-w-i-ogolnopolskim-zjezdzie-organizacji-zrzeszajacych-ratownikow-medycznych-wspolnie-dla-zawodu-26-27-li\\\/\"},\"author\":{\"name\":\"szafir6\",\"@id\":\"https:\\\/\\\/ratmed.org\\\/#\\\/schema\\\/person\\\/2803219621d75b7faebffd3898ea5816\"},\"headline\":\"Zapraszamy organizacje zrzeszaj\u0105ce ratownik\u00f3w medycznych do udzia\u0142u w I Og\u00f3lnopolskim Zje\u017adzie Organizacji zrzeszaj\u0105cych ratownik\u00f3w medycznych \u2013 \u201eWsp\u00f3lnie dla zawodu\u201d, 26-27 listopada 2023 r., Smardzewice\",\"datePublished\":\"2023-10-24T04:54:43+00:00\",\"mainEntityOfPage\":{\"@id\":\"https:\\\/\\\/ratmed.org\\\/index.php\\\/2023\\\/10\\\/24\\\/zapraszamy-organizacje-zrzeszajace-ratownikow-medycznych-do-udzialu-w-i-ogolnopolskim-zjezdzie-organizacji-zrzeszajacych-ratownikow-medycznych-wspolnie-dla-zawodu-26-27-li\\\/\"},\"wordCount\":544,\"commentCount\":0,\"image\":{\"@id\":\"https:\\\/\\\/ratmed.org\\\/index.php\\\/2023\\\/10\\\/24\\\/zapraszamy-organizacje-zrzeszajace-ratownikow-medycznych-do-udzialu-w-i-ogolnopolskim-zjezdzie-organizacji-zrzeszajacych-ratownikow-medycznych-wspolnie-dla-zawodu-26-27-li\\\/#primaryimage\"},\"thumbnailUrl\":\"https:\\\/\\\/ratmed.org\\\/wp-content\\\/uploads\\\/2023\\\/10\\\/2023-10-09-Baner-z-logiem-i-nazwa-wydarzenia-po-korekcie-z-krzyzem-1024x235.jpg\",\"articleSection\":[\"Uncategorized\"],\"inLanguage\":\"pl-PL\",\"potentialAction\":[{\"@type\":\"CommentAction\",\"name\":\"Comment\",\"target\":[\"https:\\\/\\\/ratmed.org\\\/index.php\\\/2023\\\/10\\\/24\\\/zapraszamy-organizacje-zrzeszajace-ratownikow-medycznych-do-udzialu-w-i-ogolnopolskim-zjezdzie-organizacji-zrzeszajacych-ratownikow-medycznych-wspolnie-dla-zawodu-26-27-li\\\/#respond\"]}]},{\"@type\":\"WebPage\",\"@id\":\"https:\\\/\\\/ratmed.org\\\/index.php\\\/2023\\\/10\\\/24\\\/zapraszamy-organizacje-zrzeszajace-ratownikow-medycznych-do-udzialu-w-i-ogolnopolskim-zjezdzie-organizacji-zrzeszajacych-ratownikow-medycznych-wspolnie-dla-zawodu-26-27-li\\\/\",\"url\":\"https:\\\/\\\/ratmed.org\\\/index.php\\\/2023\\\/10\\\/24\\\/zapraszamy-organizacje-zrzeszajace-ratownikow-medycznych-do-udzialu-w-i-ogolnopolskim-zjezdzie-organizacji-zrzeszajacych-ratownikow-medycznych-wspolnie-dla-zawodu-26-27-li\\\/\",\"name\":\"Zapraszamy organizacje zrzeszaj\u0105ce ratownik\u00f3w medycznych do udzia\u0142u w I Og\u00f3lnopolskim Zje\u017adzie Organizacji zrzeszaj\u0105cych ratownik\u00f3w medycznych \u2013 \u201eWsp\u00f3lnie dla zawodu\u201d, 26-27 listopada 2023 r., Smardzewice -\",\"isPartOf\":{\"@id\":\"https:\\\/\\\/ratmed.org\\\/#website\"},\"primaryImageOfPage\":{\"@id\":\"https:\\\/\\\/ratmed.org\\\/index.php\\\/2023\\\/10\\\/24\\\/zapraszamy-organizacje-zrzeszajace-ratownikow-medycznych-do-udzialu-w-i-ogolnopolskim-zjezdzie-organizacji-zrzeszajacych-ratownikow-medycznych-wspolnie-dla-zawodu-26-27-li\\\/#primaryimage\"},\"image\":{\"@id\":\"https:\\\/\\\/ratmed.org\\\/index.php\\\/2023\\\/10\\\/24\\\/zapraszamy-organizacje-zrzeszajace-ratownikow-medycznych-do-udzialu-w-i-ogolnopolskim-zjezdzie-organizacji-zrzeszajacych-ratownikow-medycznych-wspolnie-dla-zawodu-26-27-li\\\/#primaryimage\"},\"thumbnailUrl\":\"https:\\\/\\\/ratmed.org\\\/wp-content\\\/uploads\\\/2023\\\/10\\\/2023-10-09-Baner-z-logiem-i-nazwa-wydarzenia-po-korekcie-z-krzyzem-1024x235.jpg\",\"datePublished\":\"2023-10-24T04:54:43+00:00\",\"author\":{\"@id\":\"https:\\\/\\\/ratmed.org\\\/#\\\/schema\\\/person\\\/2803219621d75b7faebffd3898ea5816\"},\"breadcrumb\":{\"@id\":\"https:\\\/\\\/ratmed.org\\\/index.php\\\/2023\\\/10\\\/24\\\/zapraszamy-organizacje-zrzeszajace-ratownikow-medycznych-do-udzialu-w-i-ogolnopolskim-zjezdzie-organizacji-zrzeszajacych-ratownikow-medycznych-wspolnie-dla-zawodu-26-27-li\\\/#breadcrumb\"},\"inLanguage\":\"pl-PL\",\"potentialAction\":[{\"@type\":\"ReadAction\",\"target\":[\"https:\\\/\\\/ratmed.org\\\/index.php\\\/2023\\\/10\\\/24\\\/zapraszamy-organizacje-zrzeszajace-ratownikow-medycznych-do-udzialu-w-i-ogolnopolskim-zjezdzie-organizacji-zrzeszajacych-ratownikow-medycznych-wspolnie-dla-zawodu-26-27-li\\\/\"]}]},{\"@type\":\"ImageObject\",\"inLanguage\":\"pl-PL\",\"@id\":\"https:\\\/\\\/ratmed.org\\\/index.php\\\/2023\\\/10\\\/24\\\/zapraszamy-organizacje-zrzeszajace-ratownikow-medycznych-do-udzialu-w-i-ogolnopolskim-zjezdzie-organizacji-zrzeszajacych-ratownikow-medycznych-wspolnie-dla-zawodu-26-27-li\\\/#primaryimage\",\"url\":\"https:\\\/\\\/ratmed.org\\\/wp-content\\\/uploads\\\/2023\\\/10\\\/2023-10-09-Baner-z-logiem-i-nazwa-wydarzenia-po-korekcie-z-krzyzem.jpg\",\"contentUrl\":\"https:\\\/\\\/ratmed.org\\\/wp-content\\\/uploads\\\/2023\\\/10\\\/2023-10-09-Baner-z-logiem-i-nazwa-wydarzenia-po-korekcie-z-krzyzem.jpg\",\"width\":1147,\"height\":263},{\"@type\":\"BreadcrumbList\",\"@id\":\"https:\\\/\\\/ratmed.org\\\/index.php\\\/2023\\\/10\\\/24\\\/zapraszamy-organizacje-zrzeszajace-ratownikow-medycznych-do-udzialu-w-i-ogolnopolskim-zjezdzie-organizacji-zrzeszajacych-ratownikow-medycznych-wspolnie-dla-zawodu-26-27-li\\\/#breadcrumb\",\"itemListElement\":[{\"@type\":\"ListItem\",\"position\":1,\"name\":\"Strona g\u0142\u00f3wna\",\"item\":\"https:\\\/\\\/ratmed.org\\\/\"},{\"@type\":\"ListItem\",\"position\":2,\"name\":\"Zapraszamy organizacje zrzeszaj\u0105ce ratownik\u00f3w medycznych do udzia\u0142u w I Og\u00f3lnopolskim Zje\u017adzie Organizacji zrzeszaj\u0105cych ratownik\u00f3w medycznych \u2013 \u201eWsp\u00f3lnie dla zawodu\u201d, 26-27 listopada 2023 r., Smardzewice\"}]},{\"@type\":\"WebSite\",\"@id\":\"https:\\\/\\\/ratmed.org\\\/#website\",\"url\":\"https:\\\/\\\/ratmed.org\\\/\",\"name\":\"\",\"description\":\"Polskie Towarzystwo Ratownik\u00f3w Medycznych\",\"potentialAction\":[{\"@type\":\"SearchAction\",\"target\":{\"@type\":\"EntryPoint\",\"urlTemplate\":\"https:\\\/\\\/ratmed.org\\\/?s={search_term_string}\"},\"query-input\":{\"@type\":\"PropertyValueSpecification\",\"valueRequired\":true,\"valueName\":\"search_term_string\"}}],\"inLanguage\":\"pl-PL\"},{\"@type\":\"Person\",\"@id\":\"https:\\\/\\\/ratmed.org\\\/#\\\/schema\\\/person\\\/2803219621d75b7faebffd3898ea5816\",\"name\":\"szafir6\",\"image\":{\"@type\":\"ImageObject\",\"inLanguage\":\"pl-PL\",\"@id\":\"https:\\\/\\\/secure.gravatar.com\\\/avatar\\\/ba97dfecbcb5570ce62cccf7417ed5b625624478a61981e9c13c85867ff92d83?s=96&d=mm&r=g\",\"url\":\"https:\\\/\\\/secure.gravatar.com\\\/avatar\\\/ba97dfecbcb5570ce62cccf7417ed5b625624478a61981e9c13c85867ff92d83?s=96&d=mm&r=g\",\"contentUrl\":\"https:\\\/\\\/secure.gravatar.com\\\/avatar\\\/ba97dfecbcb5570ce62cccf7417ed5b625624478a61981e9c13c85867ff92d83?s=96&d=mm&r=g\",\"caption\":\"szafir6\"},\"sameAs\":[\"https:\\\/\\\/web.facebook.com\\\/Polskie-Towarzystwo-Ratownikw-Medycznych-128583367841533\\\/\"],\"url\":\"https:\\\/\\\/ratmed.org\\\/index.php\\\/author\\\/admin8617\\\/\"}]}<\/script>\n<!-- \/ Yoast SEO plugin. -->","yoast_head_json":{"title":"Zapraszamy organizacje zrzeszaj\u0105ce ratownik\u00f3w medycznych do udzia\u0142u w I Og\u00f3lnopolskim Zje\u017adzie Organizacji zrzeszaj\u0105cych ratownik\u00f3w medycznych \u2013 \u201eWsp\u00f3lnie dla zawodu\u201d, 26-27 listopada 2023 r., Smardzewice -","robots":{"index":"index","follow":"follow","max-snippet":"max-snippet:-1","max-image-preview":"max-image-preview:large","max-video-preview":"max-video-preview:-1"},"canonical":"https:\/\/ratmed.org\/index.php\/2023\/10\/24\/zapraszamy-organizacje-zrzeszajace-ratownikow-medycznych-do-udzialu-w-i-ogolnopolskim-zjezdzie-organizacji-zrzeszajacych-ratownikow-medycznych-wspolnie-dla-zawodu-26-27-li\/","og_locale":"pl_PL","og_type":"article","og_title":"Zapraszamy organizacje zrzeszaj\u0105ce ratownik\u00f3w medycznych do udzia\u0142u w I Og\u00f3lnopolskim Zje\u017adzie Organizacji zrzeszaj\u0105cych ratownik\u00f3w medycznych \u2013 \u201eWsp\u00f3lnie dla zawodu\u201d, 26-27 listopada 2023 r., Smardzewice -","og_description":"Polskie Towarzystwo Ratownik\u00f3w Medycznych zaprasza organizacje zrzeszaj\u0105ce ratownik\u00f3w medycznych do udzia\u0142u w I Og\u00f3lnopolskim Zje\u017adzie Organizacji zrzeszaj\u0105cych ratownik\u00f3w medycznych \u2013 [&hellip;]","og_url":"https:\/\/ratmed.org\/index.php\/2023\/10\/24\/zapraszamy-organizacje-zrzeszajace-ratownikow-medycznych-do-udzialu-w-i-ogolnopolskim-zjezdzie-organizacji-zrzeszajacych-ratownikow-medycznych-wspolnie-dla-zawodu-26-27-li\/","article_author":"https:\/\/web.facebook.com\/Polskie-Towarzystwo-Ratownikw-Medycznych-128583367841533\/","article_published_time":"2023-10-24T04:54:43+00:00","og_image":[{"url":"https:\/\/ratmed.org\/wp-content\/uploads\/2023\/10\/2023-10-09-Baner-z-logiem-i-nazwa-wydarzenia-po-korekcie-z-krzyzem-1024x235.jpg","type":"","width":"","height":""}],"author":"szafir6","twitter_card":"summary_large_image","twitter_misc":{"Napisane przez":"szafir6","Szacowany czas czytania":"4 minuty"},"schema":{"@context":"https:\/\/schema.org","@graph":[{"@type":"Article","@id":"https:\/\/ratmed.org\/index.php\/2023\/10\/24\/zapraszamy-organizacje-zrzeszajace-ratownikow-medycznych-do-udzialu-w-i-ogolnopolskim-zjezdzie-organizacji-zrzeszajacych-ratownikow-medycznych-wspolnie-dla-zawodu-26-27-li\/#article","isPartOf":{"@id":"https:\/\/ratmed.org\/index.php\/2023\/10\/24\/zapraszamy-organizacje-zrzeszajace-ratownikow-medycznych-do-udzialu-w-i-ogolnopolskim-zjezdzie-organizacji-zrzeszajacych-ratownikow-medycznych-wspolnie-dla-zawodu-26-27-li\/"},"author":{"name":"szafir6","@id":"https:\/\/ratmed.org\/#\/schema\/person\/2803219621d75b7faebffd3898ea5816"},"headline":"Zapraszamy organizacje zrzeszaj\u0105ce ratownik\u00f3w medycznych do udzia\u0142u w I Og\u00f3lnopolskim Zje\u017adzie Organizacji zrzeszaj\u0105cych ratownik\u00f3w medycznych \u2013 \u201eWsp\u00f3lnie dla zawodu\u201d, 26-27 listopada 2023 r., Smardzewice","datePublished":"2023-10-24T04:54:43+00:00","mainEntityOfPage":{"@id":"https:\/\/ratmed.org\/index.php\/2023\/10\/24\/zapraszamy-organizacje-zrzeszajace-ratownikow-medycznych-do-udzialu-w-i-ogolnopolskim-zjezdzie-organizacji-zrzeszajacych-ratownikow-medycznych-wspolnie-dla-zawodu-26-27-li\/"},"wordCount":544,"commentCount":0,"image":{"@id":"https:\/\/ratmed.org\/index.php\/2023\/10\/24\/zapraszamy-organizacje-zrzeszajace-ratownikow-medycznych-do-udzialu-w-i-ogolnopolskim-zjezdzie-organizacji-zrzeszajacych-ratownikow-medycznych-wspolnie-dla-zawodu-26-27-li\/#primaryimage"},"thumbnailUrl":"https:\/\/ratmed.org\/wp-content\/uploads\/2023\/10\/2023-10-09-Baner-z-logiem-i-nazwa-wydarzenia-po-korekcie-z-krzyzem-1024x235.jpg","articleSection":["Uncategorized"],"inLanguage":"pl-PL","potentialAction":[{"@type":"CommentAction","name":"Comment","target":["https:\/\/ratmed.org\/index.php\/2023\/10\/24\/zapraszamy-organizacje-zrzeszajace-ratownikow-medycznych-do-udzialu-w-i-ogolnopolskim-zjezdzie-organizacji-zrzeszajacych-ratownikow-medycznych-wspolnie-dla-zawodu-26-27-li\/#respond"]}]},{"@type":"WebPage","@id":"https:\/\/ratmed.org\/index.php\/2023\/10\/24\/zapraszamy-organizacje-zrzeszajace-ratownikow-medycznych-do-udzialu-w-i-ogolnopolskim-zjezdzie-organizacji-zrzeszajacych-ratownikow-medycznych-wspolnie-dla-zawodu-26-27-li\/","url":"https:\/\/ratmed.org\/index.php\/2023\/10\/24\/zapraszamy-organizacje-zrzeszajace-ratownikow-medycznych-do-udzialu-w-i-ogolnopolskim-zjezdzie-organizacji-zrzeszajacych-ratownikow-medycznych-wspolnie-dla-zawodu-26-27-li\/","name":"Zapraszamy organizacje zrzeszaj\u0105ce ratownik\u00f3w medycznych do udzia\u0142u w I Og\u00f3lnopolskim Zje\u017adzie Organizacji zrzeszaj\u0105cych ratownik\u00f3w medycznych \u2013 \u201eWsp\u00f3lnie dla zawodu\u201d, 26-27 listopada 2023 r., Smardzewice -","isPartOf":{"@id":"https:\/\/ratmed.org\/#website"},"primaryImageOfPage":{"@id":"https:\/\/ratmed.org\/index.php\/2023\/10\/24\/zapraszamy-organizacje-zrzeszajace-ratownikow-medycznych-do-udzialu-w-i-ogolnopolskim-zjezdzie-organizacji-zrzeszajacych-ratownikow-medycznych-wspolnie-dla-zawodu-26-27-li\/#primaryimage"},"image":{"@id":"https:\/\/ratmed.org\/index.php\/2023\/10\/24\/zapraszamy-organizacje-zrzeszajace-ratownikow-medycznych-do-udzialu-w-i-ogolnopolskim-zjezdzie-organizacji-zrzeszajacych-ratownikow-medycznych-wspolnie-dla-zawodu-26-27-li\/#primaryimage"},"thumbnailUrl":"https:\/\/ratmed.org\/wp-content\/uploads\/2023\/10\/2023-10-09-Baner-z-logiem-i-nazwa-wydarzenia-po-korekcie-z-krzyzem-1024x235.jpg","datePublished":"2023-10-24T04:54:43+00:00","author":{"@id":"https:\/\/ratmed.org\/#\/schema\/person\/2803219621d75b7faebffd3898ea5816"},"breadcrumb":{"@id":"https:\/\/ratmed.org\/index.php\/2023\/10\/24\/zapraszamy-organizacje-zrzeszajace-ratownikow-medycznych-do-udzialu-w-i-ogolnopolskim-zjezdzie-organizacji-zrzeszajacych-ratownikow-medycznych-wspolnie-dla-zawodu-26-27-li\/#breadcrumb"},"inLanguage":"pl-PL","potentialAction":[{"@type":"ReadAction","target":["https:\/\/ratmed.org\/index.php\/2023\/10\/24\/zapraszamy-organizacje-zrzeszajace-ratownikow-medycznych-do-udzialu-w-i-ogolnopolskim-zjezdzie-organizacji-zrzeszajacych-ratownikow-medycznych-wspolnie-dla-zawodu-26-27-li\/"]}]},{"@type":"ImageObject","inLanguage":"pl-PL","@id":"https:\/\/ratmed.org\/index.php\/2023\/10\/24\/zapraszamy-organizacje-zrzeszajace-ratownikow-medycznych-do-udzialu-w-i-ogolnopolskim-zjezdzie-organizacji-zrzeszajacych-ratownikow-medycznych-wspolnie-dla-zawodu-26-27-li\/#primaryimage","url":"https:\/\/ratmed.org\/wp-content\/uploads\/2023\/10\/2023-10-09-Baner-z-logiem-i-nazwa-wydarzenia-po-korekcie-z-krzyzem.jpg","contentUrl":"https:\/\/ratmed.org\/wp-content\/uploads\/2023\/10\/2023-10-09-Baner-z-logiem-i-nazwa-wydarzenia-po-korekcie-z-krzyzem.jpg","width":1147,"height":263},{"@type":"BreadcrumbList","@id":"https:\/\/ratmed.org\/index.php\/2023\/10\/24\/zapraszamy-organizacje-zrzeszajace-ratownikow-medycznych-do-udzialu-w-i-ogolnopolskim-zjezdzie-organizacji-zrzeszajacych-ratownikow-medycznych-wspolnie-dla-zawodu-26-27-li\/#breadcrumb","itemListElement":[{"@type":"ListItem","position":1,"name":"Strona g\u0142\u00f3wna","item":"https:\/\/ratmed.org\/"},{"@type":"ListItem","position":2,"name":"Zapraszamy organizacje zrzeszaj\u0105ce ratownik\u00f3w medycznych do udzia\u0142u w I Og\u00f3lnopolskim Zje\u017adzie Organizacji zrzeszaj\u0105cych ratownik\u00f3w medycznych \u2013 \u201eWsp\u00f3lnie dla zawodu\u201d, 26-27 listopada 2023 r., Smardzewice"}]},{"@type":"WebSite","@id":"https:\/\/ratmed.org\/#website","url":"https:\/\/ratmed.org\/","name":"","description":"Polskie Towarzystwo Ratownik\u00f3w Medycznych","potentialAction":[{"@type":"SearchAction","target":{"@type":"EntryPoint","urlTemplate":"https:\/\/ratmed.org\/?s={search_term_string}"},"query-input":{"@type":"PropertyValueSpecification","valueRequired":true,"valueName":"search_term_string"}}],"inLanguage":"pl-PL"},{"@type":"Person","@id":"https:\/\/ratmed.org\/#\/schema\/person\/2803219621d75b7faebffd3898ea5816","name":"szafir6","image":{"@type":"ImageObject","inLanguage":"pl-PL","@id":"https:\/\/secure.gravatar.com\/avatar\/ba97dfecbcb5570ce62cccf7417ed5b625624478a61981e9c13c85867ff92d83?s=96&d=mm&r=g","url":"https:\/\/secure.gravatar.com\/avatar\/ba97dfecbcb5570ce62cccf7417ed5b625624478a61981e9c13c85867ff92d83?s=96&d=mm&r=g","contentUrl":"https:\/\/secure.gravatar.com\/avatar\/ba97dfecbcb5570ce62cccf7417ed5b625624478a61981e9c13c85867ff92d83?s=96&d=mm&r=g","caption":"szafir6"},"sameAs":["https:\/\/web.facebook.com\/Polskie-Towarzystwo-Ratownikw-Medycznych-128583367841533\/"],"url":"https:\/\/ratmed.org\/index.php\/author\/admin8617\/"}]}},"_links":{"self":[{"href":"https:\/\/ratmed.org\/index.php\/wp-json\/wp\/v2\/posts\/3169","targetHints":{"allow":["GET"]}}],"collection":[{"href":"https:\/\/ratmed.org\/index.php\/wp-json\/wp\/v2\/posts"}],"about":[{"href":"https:\/\/ratmed.org\/index.php\/wp-json\/wp\/v2\/types\/post"}],"author":[{"embeddable":true,"href":"https:\/\/ratmed.org\/index.php\/wp-json\/wp\/v2\/users\/1"}],"replies":[{"embeddable":true,"href":"https:\/\/ratmed.org\/index.php\/wp-json\/wp\/v2\/comments?post=3169"}],"version-history":[{"count":1,"href":"https:\/\/ratmed.org\/index.php\/wp-json\/wp\/v2\/posts\/3169\/revisions"}],"predecessor-version":[{"id":3178,"href":"https:\/\/ratmed.org\/index.php\/wp-json\/wp\/v2\/posts\/3169\/revisions\/3178"}],"wp:attachment":[{"href":"https:\/\/ratmed.org\/index.php\/wp-json\/wp\/v2\/media?parent=3169"}],"wp:term":[{"taxonomy":"category","embeddable":true,"href":"https:\/\/ratmed.org\/index.php\/wp-json\/wp\/v2\/categories?post=3169"},{"taxonomy":"post_tag","embeddable":true,"href":"https:\/\/ratmed.org\/index.php\/wp-json\/wp\/v2\/tags?post=3169"}],"curies":[{"name":"wp","href":"https:\/\/api.w.org\/{rel}","templated":true}]}}