{"id":3227,"date":"2023-11-18T12:54:03","date_gmt":"2023-11-18T11:54:03","guid":{"rendered":"https:\/\/ratmed.org\/?p=3227"},"modified":"2023-11-18T12:59:33","modified_gmt":"2023-11-18T11:59:33","slug":"zakonczyla-sie-miedzynarodowa-konferencja-naukowa-pn-wyzwanie-dla-ratownictwa-medycznego-w-polsce-europie-i-na-swiecie-partnerem-wydarzenia-bylo-polskie-towarzystwo-ratownikow-me","status":"publish","type":"post","link":"https:\/\/ratmed.org\/index.php\/2023\/11\/18\/zakonczyla-sie-miedzynarodowa-konferencja-naukowa-pn-wyzwanie-dla-ratownictwa-medycznego-w-polsce-europie-i-na-swiecie-partnerem-wydarzenia-bylo-polskie-towarzystwo-ratownikow-me\/","title":{"rendered":"Zako\u0144czy\u0142a si\u0119 mi\u0119dzynarodowa konferencja naukowa pn. \u201eWyzwanie dla ratownictwa medycznego w Polsce, Europie i na \u015bwiecie\u201d &#8211; partnerem wydarzenia by\u0142o Polskie Towarzystwo Ratownik\u00f3w Medycznych"},"content":{"rendered":"<p>W dniu wczorajszym zako\u0144czy\u0142a si\u0119 mi\u0119dzynarodowa konferencja naukowa pn. \u201e<em>Wyzwanie dla ratownictwa medycznego w Polsce, Europie i na \u015bwiecie<\/em>\u201d &#8211; partnerem wydarzenia by\u0142o Polskie Towarzystwo Ratownik\u00f3w Medycznych.<\/p>\n<p>Wydarzenie to mia\u0142o charakter naukowy i by\u0142o adresowane g\u0142\u00f3wnie do specjalist\u00f3w w dziedzinie ratownictwa medycznego, ze szczeg\u00f3lnym uwzgl\u0119dnieniem ratownik\u00f3w medycznych, lekarzy, student\u00f3w kierunk\u00f3w medycznych, kierownik\u00f3w podmiot\u00f3w medycznych oraz podmiot\u00f3w dzia\u0142aj\u0105cych w ich otoczeniu spo\u0142ecznym i gospodarczym.<\/p>\n<p><strong>Celem projektu<\/strong> by\u0142o przedstawienie i upowszechnienie aktualnych wynik\u00f3w bada\u0144 zwi\u0105zanych z ratownictwem medycznym tj. nowych problem\u00f3w i wyzwa\u0144 zwi\u0105zanych z ratownictwem medycznym w obliczu pandemii COVID-19, konflikt\u00f3w zbrojnych i terrorystycznych, starzej\u0105cego si\u0119 spo\u0142ecze\u0144stwem, statystyk dotycz\u0105cych dzia\u0142a\u0144 ratowniczych \u2013 ich genezy i efektywno\u015bci, skutecznych procedur i zasad podst\u0119powania, innowacyjnych narz\u0119dzi itp.<\/p>\n<p><strong>Rezultatem projektu<\/strong> by\u0142o wypracowanie mapy drogowej rozwoju ratownictwa medycznego uwzgl\u0119dniaj\u0105cej obecne problemy, ograniczenia, jak i wyzwania oraz nowe mo\u017cliwo\u015bci.<\/p>\n<p><strong>Ratownictwo medyczne<\/strong> jest specjalizacj\u0105 medyczn\u0105 zajmuj\u0105ca si\u0119 nag\u0142ymi przypadkami oraz pacjentami, kt\u00f3rzy wymagaj\u0105 natychmiastowej pomocy lekarskiej ukierunkowanej na podtrzymanie podstawowych funkcji \u017cyciowych osoby chorej lub poszkodowanej, zapewnienie jej bezpiecze\u0144stwa i przekazanie specjalistom w celu dalszego leczenia. Szereg akt\u00f3w prawnych, zalece\u0144 i opracowa\u0144 eksperckich wskazuje na potrzeb\u0119 usprawnienia dzia\u0142a\u0144 s\u0142u\u017cb ratowniczych, co wi\u0105\u017ce si\u0119 z potrzeb\u0105 wykorzystania dost\u0119pnych bada\u0144 naukowych w celu poprawy warunk\u00f3w ich funkcjonowania i dalszego rozwoju (np. obwieszczenie Ministra Zdrowia z dnia 27 sierpnia 2021 r. w sprawie mapy potrzeb zdrowotnych, zalecenia konsultanta krajowego w dziedzinie medycyny ratunkowej dotycz\u0105ce procedur post\u0119powania na wypadek wyst\u0105pienia zdarzenia mnogiego\/masowego itp.).<\/p>\n<p><strong>Organizatorem<\/strong> konferencji by\u0142a Akademia \u015al\u0105ska, Wydzia\u0142 Nauk Medycznych im. prof. Zbigniewa Religi w Zabrzu.<\/p>\n<p>Wsp\u00f3\u0142organizatorami wydarzenia byli:<\/p>\n<ul style=\"list-style-type: disc;\">\n<li>Klinika Medycyny Ratunkowej, Uniwersytet Medyczny w Bia\u0142ymstoku;<\/li>\n<li>Zak\u0142ad Ratownictwa Medycznego, Warszawski Uniwersytet Medyczny;<\/li>\n<li>Uniwersytet Medyczny w Ivano-Frankivsku.<\/li>\n<\/ul>\n<p>Konferencj\u0119 <strong>patronatem honorowym<\/strong> obj\u0119li:<\/p>\n<ul style=\"list-style-type: disc;\">\n<li>Minister Zdrowia;<\/li>\n<li>Ministerstwo Zdrowia Ukrainy;<\/li>\n<li>Marsza\u0142ek Wojew\u00f3dztwa \u015al\u0105skiego;<\/li>\n<li>Wojewoda \u015al\u0105ski;<\/li>\n<li>Konsultant krajowy w dziedzinie medycyny ratunkowej;<\/li>\n<li>Prezes Zwi\u0105zku Pracodawc\u00f3w Ratownictwa Medycznego SP ZOZ;<\/li>\n<li>Dyrektor Lotniczego Pogotowia Ratunkowego.<\/li>\n<\/ul>\n<p><strong>Partnerami<\/strong> wydarzenia byli:<\/p>\n<ul style=\"list-style-type: disc;\">\n<li>SP ZOZ Rejonowe Pogotowie Ratunkowe w Sosnowcu;<\/li>\n<li>Krakowskie Pogotowie Ratunkowe;<\/li>\n<li>Polskie Towarzystwo Ratownik\u00f3w Medycznych;<\/li>\n<li>Polskie Towarzystwo Piel\u0119gniarstwa Ratunkowego;<\/li>\n<li>Wojew\u00f3dzka Stacja Ratownictwa Medycznego w \u0141odzi;<\/li>\n<li>Wojew\u00f3dztwa Stacja Pogotowia Ratunkowego w Szczecinie;<\/li>\n<li>Opolskie Centrum Ratownictwa w Opolu;<\/li>\n<li>Nordisk Trygghet.<\/li>\n<\/ul>\n<p>Przewodnicz\u0105cym Komitetu Naukowego konferencji by\u0142 Pan Prof. A\u015a dr hab. n. med. i n. o zdr. Klaudiusz Nadolny.<\/p>\n<p>Konferencja sk\u0142ada\u0142a si\u0119 z cz\u0119\u015bci wyk\u0142adowej w sk\u0142ad kt\u00f3rej wchodzi\u0142y 4 sesje oraz z cz\u0119\u015bci warsztatowej.<\/p>\n<p>Wyk\u0142ad inauguracyjny wyg\u0142osi\u0142 Pan <strong><em>Prof. dr hab. Robert Ga\u0142\u0105zkowski<\/em><\/strong> (Zak\u0142ad Ratownictwa Medycznego Warszawskiego Uniwersytetu Medycznego, Lotnicze Pogotowie Ratunkowe) pt.: <em>&#8222;Organizacja ewakuacji poszkodowanych z pola walki drog\u0105 powietrzn\u0105&#8221;.<\/em><\/p>\n<p>Gratulujemy organizatorom i partnerom bardzo wysokiego poziomu merytorycznego oraz fantastycznej atmosfery podczas ca\u0142ej konferencji.<\/p>\n<p>Pe\u0142na informacja o konferencji jest dost\u0119pna pod adresem: <span style=\"text-decoration: underline; color: #0000ff;\">https:\/\/konferencje.akademiaslaska.pl\/\u00a0<\/span><\/p>\n<p><img loading=\"lazy\" decoding=\"async\" class=\"size-large wp-image-3228 aligncenter\" src=\"https:\/\/ratmed.org\/wp-content\/uploads\/2023\/11\/2023-11-18-401662502_735509695265762_5409338853690977124_n-1024x620.jpg\" alt=\"\" width=\"780\" height=\"472\" srcset=\"https:\/\/ratmed.org\/wp-content\/uploads\/2023\/11\/2023-11-18-401662502_735509695265762_5409338853690977124_n-1024x620.jpg 1024w, https:\/\/ratmed.org\/wp-content\/uploads\/2023\/11\/2023-11-18-401662502_735509695265762_5409338853690977124_n-300x181.jpg 300w, https:\/\/ratmed.org\/wp-content\/uploads\/2023\/11\/2023-11-18-401662502_735509695265762_5409338853690977124_n-768x465.jpg 768w, https:\/\/ratmed.org\/wp-content\/uploads\/2023\/11\/2023-11-18-401662502_735509695265762_5409338853690977124_n-1536x929.jpg 1536w, https:\/\/ratmed.org\/wp-content\/uploads\/2023\/11\/2023-11-18-401662502_735509695265762_5409338853690977124_n.jpg 2048w\" sizes=\"auto, (max-width: 780px) 100vw, 780px\" \/><\/p>\n<p><img loading=\"lazy\" decoding=\"async\" class=\"size-large wp-image-3229 aligncenter\" src=\"https:\/\/ratmed.org\/wp-content\/uploads\/2023\/11\/2023-11-18-Konerencja-2-1024x496.jpg\" alt=\"\" width=\"780\" height=\"378\" srcset=\"https:\/\/ratmed.org\/wp-content\/uploads\/2023\/11\/2023-11-18-Konerencja-2-1024x496.jpg 1024w, https:\/\/ratmed.org\/wp-content\/uploads\/2023\/11\/2023-11-18-Konerencja-2-300x145.jpg 300w, https:\/\/ratmed.org\/wp-content\/uploads\/2023\/11\/2023-11-18-Konerencja-2-768x372.jpg 768w, https:\/\/ratmed.org\/wp-content\/uploads\/2023\/11\/2023-11-18-Konerencja-2.jpg 1367w\" sizes=\"auto, (max-width: 780px) 100vw, 780px\" \/><\/p>\n","protected":false},"excerpt":{"rendered":"<p>W dniu wczorajszym zako\u0144czy\u0142a si\u0119 mi\u0119dzynarodowa konferencja naukowa pn. \u201eWyzwanie dla ratownictwa medycznego w Polsce, Europie i na \u015bwiecie\u201d &#8211; [&hellip;]<\/p>\n","protected":false},"author":1,"featured_media":0,"comment_status":"open","ping_status":"open","sticky":false,"template":"","format":"standard","meta":{"footnotes":"","_links_to":"","_links_to_target":""},"categories":[1],"tags":[],"class_list":["post-3227","post","type-post","status-publish","format-standard","hentry","category-uncategorized"],"yoast_head":"<!-- This site is optimized with the Yoast SEO plugin v27.5 - https:\/\/yoast.com\/product\/yoast-seo-wordpress\/ -->\n<title>Zako\u0144czy\u0142a si\u0119 mi\u0119dzynarodowa konferencja naukowa pn. \u201eWyzwanie dla ratownictwa medycznego w Polsce, Europie i na \u015bwiecie\u201d - partnerem wydarzenia by\u0142o Polskie Towarzystwo Ratownik\u00f3w Medycznych -<\/title>\n<meta name=\"robots\" content=\"index, follow, max-snippet:-1, max-image-preview:large, max-video-preview:-1\" \/>\n<link rel=\"canonical\" href=\"https:\/\/ratmed.org\/index.php\/2023\/11\/18\/zakonczyla-sie-miedzynarodowa-konferencja-naukowa-pn-wyzwanie-dla-ratownictwa-medycznego-w-polsce-europie-i-na-swiecie-partnerem-wydarzenia-bylo-polskie-towarzystwo-ratownikow-me\/\" \/>\n<meta property=\"og:locale\" content=\"pl_PL\" \/>\n<meta property=\"og:type\" content=\"article\" \/>\n<meta property=\"og:title\" content=\"Zako\u0144czy\u0142a si\u0119 mi\u0119dzynarodowa konferencja naukowa pn. \u201eWyzwanie dla ratownictwa medycznego w Polsce, Europie i na \u015bwiecie\u201d - partnerem wydarzenia by\u0142o Polskie Towarzystwo Ratownik\u00f3w Medycznych -\" \/>\n<meta property=\"og:description\" content=\"W dniu wczorajszym zako\u0144czy\u0142a si\u0119 mi\u0119dzynarodowa konferencja naukowa pn. \u201eWyzwanie dla ratownictwa medycznego w Polsce, Europie i na \u015bwiecie\u201d &#8211; [&hellip;]\" \/>\n<meta property=\"og:url\" content=\"https:\/\/ratmed.org\/index.php\/2023\/11\/18\/zakonczyla-sie-miedzynarodowa-konferencja-naukowa-pn-wyzwanie-dla-ratownictwa-medycznego-w-polsce-europie-i-na-swiecie-partnerem-wydarzenia-bylo-polskie-towarzystwo-ratownikow-me\/\" \/>\n<meta property=\"article:author\" content=\"https:\/\/web.facebook.com\/Polskie-Towarzystwo-Ratownikw-Medycznych-128583367841533\/\" \/>\n<meta property=\"article:published_time\" content=\"2023-11-18T11:54:03+00:00\" \/>\n<meta property=\"article:modified_time\" content=\"2023-11-18T11:59:33+00:00\" \/>\n<meta property=\"og:image\" content=\"https:\/\/ratmed.org\/wp-content\/uploads\/2023\/11\/2023-11-18-401662502_735509695265762_5409338853690977124_n-1024x620.jpg\" \/>\n<meta name=\"author\" content=\"szafir6\" \/>\n<meta name=\"twitter:card\" content=\"summary_large_image\" \/>\n<meta name=\"twitter:label1\" content=\"Napisane przez\" \/>\n\t<meta name=\"twitter:data1\" content=\"szafir6\" \/>\n\t<meta name=\"twitter:label2\" content=\"Szacowany czas czytania\" \/>\n\t<meta name=\"twitter:data2\" content=\"3 minuty\" \/>\n<script type=\"application\/ld+json\" class=\"yoast-schema-graph\">{\"@context\":\"https:\\\/\\\/schema.org\",\"@graph\":[{\"@type\":\"Article\",\"@id\":\"https:\\\/\\\/ratmed.org\\\/index.php\\\/2023\\\/11\\\/18\\\/zakonczyla-sie-miedzynarodowa-konferencja-naukowa-pn-wyzwanie-dla-ratownictwa-medycznego-w-polsce-europie-i-na-swiecie-partnerem-wydarzenia-bylo-polskie-towarzystwo-ratownikow-me\\\/#article\",\"isPartOf\":{\"@id\":\"https:\\\/\\\/ratmed.org\\\/index.php\\\/2023\\\/11\\\/18\\\/zakonczyla-sie-miedzynarodowa-konferencja-naukowa-pn-wyzwanie-dla-ratownictwa-medycznego-w-polsce-europie-i-na-swiecie-partnerem-wydarzenia-bylo-polskie-towarzystwo-ratownikow-me\\\/\"},\"author\":{\"name\":\"szafir6\",\"@id\":\"https:\\\/\\\/ratmed.org\\\/#\\\/schema\\\/person\\\/2803219621d75b7faebffd3898ea5816\"},\"headline\":\"Zako\u0144czy\u0142a si\u0119 mi\u0119dzynarodowa konferencja naukowa pn. \u201eWyzwanie dla ratownictwa medycznego w Polsce, Europie i na \u015bwiecie\u201d &#8211; partnerem wydarzenia by\u0142o Polskie Towarzystwo Ratownik\u00f3w Medycznych\",\"datePublished\":\"2023-11-18T11:54:03+00:00\",\"dateModified\":\"2023-11-18T11:59:33+00:00\",\"mainEntityOfPage\":{\"@id\":\"https:\\\/\\\/ratmed.org\\\/index.php\\\/2023\\\/11\\\/18\\\/zakonczyla-sie-miedzynarodowa-konferencja-naukowa-pn-wyzwanie-dla-ratownictwa-medycznego-w-polsce-europie-i-na-swiecie-partnerem-wydarzenia-bylo-polskie-towarzystwo-ratownikow-me\\\/\"},\"wordCount\":534,\"commentCount\":0,\"image\":{\"@id\":\"https:\\\/\\\/ratmed.org\\\/index.php\\\/2023\\\/11\\\/18\\\/zakonczyla-sie-miedzynarodowa-konferencja-naukowa-pn-wyzwanie-dla-ratownictwa-medycznego-w-polsce-europie-i-na-swiecie-partnerem-wydarzenia-bylo-polskie-towarzystwo-ratownikow-me\\\/#primaryimage\"},\"thumbnailUrl\":\"https:\\\/\\\/ratmed.org\\\/wp-content\\\/uploads\\\/2023\\\/11\\\/2023-11-18-401662502_735509695265762_5409338853690977124_n-1024x620.jpg\",\"articleSection\":[\"Uncategorized\"],\"inLanguage\":\"pl-PL\",\"potentialAction\":[{\"@type\":\"CommentAction\",\"name\":\"Comment\",\"target\":[\"https:\\\/\\\/ratmed.org\\\/index.php\\\/2023\\\/11\\\/18\\\/zakonczyla-sie-miedzynarodowa-konferencja-naukowa-pn-wyzwanie-dla-ratownictwa-medycznego-w-polsce-europie-i-na-swiecie-partnerem-wydarzenia-bylo-polskie-towarzystwo-ratownikow-me\\\/#respond\"]}]},{\"@type\":\"WebPage\",\"@id\":\"https:\\\/\\\/ratmed.org\\\/index.php\\\/2023\\\/11\\\/18\\\/zakonczyla-sie-miedzynarodowa-konferencja-naukowa-pn-wyzwanie-dla-ratownictwa-medycznego-w-polsce-europie-i-na-swiecie-partnerem-wydarzenia-bylo-polskie-towarzystwo-ratownikow-me\\\/\",\"url\":\"https:\\\/\\\/ratmed.org\\\/index.php\\\/2023\\\/11\\\/18\\\/zakonczyla-sie-miedzynarodowa-konferencja-naukowa-pn-wyzwanie-dla-ratownictwa-medycznego-w-polsce-europie-i-na-swiecie-partnerem-wydarzenia-bylo-polskie-towarzystwo-ratownikow-me\\\/\",\"name\":\"Zako\u0144czy\u0142a si\u0119 mi\u0119dzynarodowa konferencja naukowa pn. \u201eWyzwanie dla ratownictwa medycznego w Polsce, Europie i na \u015bwiecie\u201d - partnerem wydarzenia by\u0142o Polskie Towarzystwo Ratownik\u00f3w Medycznych -\",\"isPartOf\":{\"@id\":\"https:\\\/\\\/ratmed.org\\\/#website\"},\"primaryImageOfPage\":{\"@id\":\"https:\\\/\\\/ratmed.org\\\/index.php\\\/2023\\\/11\\\/18\\\/zakonczyla-sie-miedzynarodowa-konferencja-naukowa-pn-wyzwanie-dla-ratownictwa-medycznego-w-polsce-europie-i-na-swiecie-partnerem-wydarzenia-bylo-polskie-towarzystwo-ratownikow-me\\\/#primaryimage\"},\"image\":{\"@id\":\"https:\\\/\\\/ratmed.org\\\/index.php\\\/2023\\\/11\\\/18\\\/zakonczyla-sie-miedzynarodowa-konferencja-naukowa-pn-wyzwanie-dla-ratownictwa-medycznego-w-polsce-europie-i-na-swiecie-partnerem-wydarzenia-bylo-polskie-towarzystwo-ratownikow-me\\\/#primaryimage\"},\"thumbnailUrl\":\"https:\\\/\\\/ratmed.org\\\/wp-content\\\/uploads\\\/2023\\\/11\\\/2023-11-18-401662502_735509695265762_5409338853690977124_n-1024x620.jpg\",\"datePublished\":\"2023-11-18T11:54:03+00:00\",\"dateModified\":\"2023-11-18T11:59:33+00:00\",\"author\":{\"@id\":\"https:\\\/\\\/ratmed.org\\\/#\\\/schema\\\/person\\\/2803219621d75b7faebffd3898ea5816\"},\"breadcrumb\":{\"@id\":\"https:\\\/\\\/ratmed.org\\\/index.php\\\/2023\\\/11\\\/18\\\/zakonczyla-sie-miedzynarodowa-konferencja-naukowa-pn-wyzwanie-dla-ratownictwa-medycznego-w-polsce-europie-i-na-swiecie-partnerem-wydarzenia-bylo-polskie-towarzystwo-ratownikow-me\\\/#breadcrumb\"},\"inLanguage\":\"pl-PL\",\"potentialAction\":[{\"@type\":\"ReadAction\",\"target\":[\"https:\\\/\\\/ratmed.org\\\/index.php\\\/2023\\\/11\\\/18\\\/zakonczyla-sie-miedzynarodowa-konferencja-naukowa-pn-wyzwanie-dla-ratownictwa-medycznego-w-polsce-europie-i-na-swiecie-partnerem-wydarzenia-bylo-polskie-towarzystwo-ratownikow-me\\\/\"]}]},{\"@type\":\"ImageObject\",\"inLanguage\":\"pl-PL\",\"@id\":\"https:\\\/\\\/ratmed.org\\\/index.php\\\/2023\\\/11\\\/18\\\/zakonczyla-sie-miedzynarodowa-konferencja-naukowa-pn-wyzwanie-dla-ratownictwa-medycznego-w-polsce-europie-i-na-swiecie-partnerem-wydarzenia-bylo-polskie-towarzystwo-ratownikow-me\\\/#primaryimage\",\"url\":\"https:\\\/\\\/ratmed.org\\\/wp-content\\\/uploads\\\/2023\\\/11\\\/2023-11-18-401662502_735509695265762_5409338853690977124_n.jpg\",\"contentUrl\":\"https:\\\/\\\/ratmed.org\\\/wp-content\\\/uploads\\\/2023\\\/11\\\/2023-11-18-401662502_735509695265762_5409338853690977124_n.jpg\",\"width\":2048,\"height\":1239},{\"@type\":\"BreadcrumbList\",\"@id\":\"https:\\\/\\\/ratmed.org\\\/index.php\\\/2023\\\/11\\\/18\\\/zakonczyla-sie-miedzynarodowa-konferencja-naukowa-pn-wyzwanie-dla-ratownictwa-medycznego-w-polsce-europie-i-na-swiecie-partnerem-wydarzenia-bylo-polskie-towarzystwo-ratownikow-me\\\/#breadcrumb\",\"itemListElement\":[{\"@type\":\"ListItem\",\"position\":1,\"name\":\"Strona g\u0142\u00f3wna\",\"item\":\"https:\\\/\\\/ratmed.org\\\/\"},{\"@type\":\"ListItem\",\"position\":2,\"name\":\"Zako\u0144czy\u0142a si\u0119 mi\u0119dzynarodowa konferencja naukowa pn. \u201eWyzwanie dla ratownictwa medycznego w Polsce, Europie i na \u015bwiecie\u201d &#8211; partnerem wydarzenia by\u0142o Polskie Towarzystwo Ratownik\u00f3w Medycznych\"}]},{\"@type\":\"WebSite\",\"@id\":\"https:\\\/\\\/ratmed.org\\\/#website\",\"url\":\"https:\\\/\\\/ratmed.org\\\/\",\"name\":\"\",\"description\":\"Polskie Towarzystwo Ratownik\u00f3w Medycznych\",\"potentialAction\":[{\"@type\":\"SearchAction\",\"target\":{\"@type\":\"EntryPoint\",\"urlTemplate\":\"https:\\\/\\\/ratmed.org\\\/?s={search_term_string}\"},\"query-input\":{\"@type\":\"PropertyValueSpecification\",\"valueRequired\":true,\"valueName\":\"search_term_string\"}}],\"inLanguage\":\"pl-PL\"},{\"@type\":\"Person\",\"@id\":\"https:\\\/\\\/ratmed.org\\\/#\\\/schema\\\/person\\\/2803219621d75b7faebffd3898ea5816\",\"name\":\"szafir6\",\"image\":{\"@type\":\"ImageObject\",\"inLanguage\":\"pl-PL\",\"@id\":\"https:\\\/\\\/secure.gravatar.com\\\/avatar\\\/ba97dfecbcb5570ce62cccf7417ed5b625624478a61981e9c13c85867ff92d83?s=96&d=mm&r=g\",\"url\":\"https:\\\/\\\/secure.gravatar.com\\\/avatar\\\/ba97dfecbcb5570ce62cccf7417ed5b625624478a61981e9c13c85867ff92d83?s=96&d=mm&r=g\",\"contentUrl\":\"https:\\\/\\\/secure.gravatar.com\\\/avatar\\\/ba97dfecbcb5570ce62cccf7417ed5b625624478a61981e9c13c85867ff92d83?s=96&d=mm&r=g\",\"caption\":\"szafir6\"},\"sameAs\":[\"https:\\\/\\\/web.facebook.com\\\/Polskie-Towarzystwo-Ratownikw-Medycznych-128583367841533\\\/\"],\"url\":\"https:\\\/\\\/ratmed.org\\\/index.php\\\/author\\\/admin8617\\\/\"}]}<\/script>\n<!-- \/ Yoast SEO plugin. -->","yoast_head_json":{"title":"Zako\u0144czy\u0142a si\u0119 mi\u0119dzynarodowa konferencja naukowa pn. \u201eWyzwanie dla ratownictwa medycznego w Polsce, Europie i na \u015bwiecie\u201d - partnerem wydarzenia by\u0142o Polskie Towarzystwo Ratownik\u00f3w Medycznych -","robots":{"index":"index","follow":"follow","max-snippet":"max-snippet:-1","max-image-preview":"max-image-preview:large","max-video-preview":"max-video-preview:-1"},"canonical":"https:\/\/ratmed.org\/index.php\/2023\/11\/18\/zakonczyla-sie-miedzynarodowa-konferencja-naukowa-pn-wyzwanie-dla-ratownictwa-medycznego-w-polsce-europie-i-na-swiecie-partnerem-wydarzenia-bylo-polskie-towarzystwo-ratownikow-me\/","og_locale":"pl_PL","og_type":"article","og_title":"Zako\u0144czy\u0142a si\u0119 mi\u0119dzynarodowa konferencja naukowa pn. \u201eWyzwanie dla ratownictwa medycznego w Polsce, Europie i na \u015bwiecie\u201d - partnerem wydarzenia by\u0142o Polskie Towarzystwo Ratownik\u00f3w Medycznych -","og_description":"W dniu wczorajszym zako\u0144czy\u0142a si\u0119 mi\u0119dzynarodowa konferencja naukowa pn. \u201eWyzwanie dla ratownictwa medycznego w Polsce, Europie i na \u015bwiecie\u201d &#8211; [&hellip;]","og_url":"https:\/\/ratmed.org\/index.php\/2023\/11\/18\/zakonczyla-sie-miedzynarodowa-konferencja-naukowa-pn-wyzwanie-dla-ratownictwa-medycznego-w-polsce-europie-i-na-swiecie-partnerem-wydarzenia-bylo-polskie-towarzystwo-ratownikow-me\/","article_author":"https:\/\/web.facebook.com\/Polskie-Towarzystwo-Ratownikw-Medycznych-128583367841533\/","article_published_time":"2023-11-18T11:54:03+00:00","article_modified_time":"2023-11-18T11:59:33+00:00","og_image":[{"url":"https:\/\/ratmed.org\/wp-content\/uploads\/2023\/11\/2023-11-18-401662502_735509695265762_5409338853690977124_n-1024x620.jpg","type":"","width":"","height":""}],"author":"szafir6","twitter_card":"summary_large_image","twitter_misc":{"Napisane przez":"szafir6","Szacowany czas czytania":"3 minuty"},"schema":{"@context":"https:\/\/schema.org","@graph":[{"@type":"Article","@id":"https:\/\/ratmed.org\/index.php\/2023\/11\/18\/zakonczyla-sie-miedzynarodowa-konferencja-naukowa-pn-wyzwanie-dla-ratownictwa-medycznego-w-polsce-europie-i-na-swiecie-partnerem-wydarzenia-bylo-polskie-towarzystwo-ratownikow-me\/#article","isPartOf":{"@id":"https:\/\/ratmed.org\/index.php\/2023\/11\/18\/zakonczyla-sie-miedzynarodowa-konferencja-naukowa-pn-wyzwanie-dla-ratownictwa-medycznego-w-polsce-europie-i-na-swiecie-partnerem-wydarzenia-bylo-polskie-towarzystwo-ratownikow-me\/"},"author":{"name":"szafir6","@id":"https:\/\/ratmed.org\/#\/schema\/person\/2803219621d75b7faebffd3898ea5816"},"headline":"Zako\u0144czy\u0142a si\u0119 mi\u0119dzynarodowa konferencja naukowa pn. \u201eWyzwanie dla ratownictwa medycznego w Polsce, Europie i na \u015bwiecie\u201d &#8211; partnerem wydarzenia by\u0142o Polskie Towarzystwo Ratownik\u00f3w Medycznych","datePublished":"2023-11-18T11:54:03+00:00","dateModified":"2023-11-18T11:59:33+00:00","mainEntityOfPage":{"@id":"https:\/\/ratmed.org\/index.php\/2023\/11\/18\/zakonczyla-sie-miedzynarodowa-konferencja-naukowa-pn-wyzwanie-dla-ratownictwa-medycznego-w-polsce-europie-i-na-swiecie-partnerem-wydarzenia-bylo-polskie-towarzystwo-ratownikow-me\/"},"wordCount":534,"commentCount":0,"image":{"@id":"https:\/\/ratmed.org\/index.php\/2023\/11\/18\/zakonczyla-sie-miedzynarodowa-konferencja-naukowa-pn-wyzwanie-dla-ratownictwa-medycznego-w-polsce-europie-i-na-swiecie-partnerem-wydarzenia-bylo-polskie-towarzystwo-ratownikow-me\/#primaryimage"},"thumbnailUrl":"https:\/\/ratmed.org\/wp-content\/uploads\/2023\/11\/2023-11-18-401662502_735509695265762_5409338853690977124_n-1024x620.jpg","articleSection":["Uncategorized"],"inLanguage":"pl-PL","potentialAction":[{"@type":"CommentAction","name":"Comment","target":["https:\/\/ratmed.org\/index.php\/2023\/11\/18\/zakonczyla-sie-miedzynarodowa-konferencja-naukowa-pn-wyzwanie-dla-ratownictwa-medycznego-w-polsce-europie-i-na-swiecie-partnerem-wydarzenia-bylo-polskie-towarzystwo-ratownikow-me\/#respond"]}]},{"@type":"WebPage","@id":"https:\/\/ratmed.org\/index.php\/2023\/11\/18\/zakonczyla-sie-miedzynarodowa-konferencja-naukowa-pn-wyzwanie-dla-ratownictwa-medycznego-w-polsce-europie-i-na-swiecie-partnerem-wydarzenia-bylo-polskie-towarzystwo-ratownikow-me\/","url":"https:\/\/ratmed.org\/index.php\/2023\/11\/18\/zakonczyla-sie-miedzynarodowa-konferencja-naukowa-pn-wyzwanie-dla-ratownictwa-medycznego-w-polsce-europie-i-na-swiecie-partnerem-wydarzenia-bylo-polskie-towarzystwo-ratownikow-me\/","name":"Zako\u0144czy\u0142a si\u0119 mi\u0119dzynarodowa konferencja naukowa pn. \u201eWyzwanie dla ratownictwa medycznego w Polsce, Europie i na \u015bwiecie\u201d - partnerem wydarzenia by\u0142o Polskie Towarzystwo Ratownik\u00f3w Medycznych -","isPartOf":{"@id":"https:\/\/ratmed.org\/#website"},"primaryImageOfPage":{"@id":"https:\/\/ratmed.org\/index.php\/2023\/11\/18\/zakonczyla-sie-miedzynarodowa-konferencja-naukowa-pn-wyzwanie-dla-ratownictwa-medycznego-w-polsce-europie-i-na-swiecie-partnerem-wydarzenia-bylo-polskie-towarzystwo-ratownikow-me\/#primaryimage"},"image":{"@id":"https:\/\/ratmed.org\/index.php\/2023\/11\/18\/zakonczyla-sie-miedzynarodowa-konferencja-naukowa-pn-wyzwanie-dla-ratownictwa-medycznego-w-polsce-europie-i-na-swiecie-partnerem-wydarzenia-bylo-polskie-towarzystwo-ratownikow-me\/#primaryimage"},"thumbnailUrl":"https:\/\/ratmed.org\/wp-content\/uploads\/2023\/11\/2023-11-18-401662502_735509695265762_5409338853690977124_n-1024x620.jpg","datePublished":"2023-11-18T11:54:03+00:00","dateModified":"2023-11-18T11:59:33+00:00","author":{"@id":"https:\/\/ratmed.org\/#\/schema\/person\/2803219621d75b7faebffd3898ea5816"},"breadcrumb":{"@id":"https:\/\/ratmed.org\/index.php\/2023\/11\/18\/zakonczyla-sie-miedzynarodowa-konferencja-naukowa-pn-wyzwanie-dla-ratownictwa-medycznego-w-polsce-europie-i-na-swiecie-partnerem-wydarzenia-bylo-polskie-towarzystwo-ratownikow-me\/#breadcrumb"},"inLanguage":"pl-PL","potentialAction":[{"@type":"ReadAction","target":["https:\/\/ratmed.org\/index.php\/2023\/11\/18\/zakonczyla-sie-miedzynarodowa-konferencja-naukowa-pn-wyzwanie-dla-ratownictwa-medycznego-w-polsce-europie-i-na-swiecie-partnerem-wydarzenia-bylo-polskie-towarzystwo-ratownikow-me\/"]}]},{"@type":"ImageObject","inLanguage":"pl-PL","@id":"https:\/\/ratmed.org\/index.php\/2023\/11\/18\/zakonczyla-sie-miedzynarodowa-konferencja-naukowa-pn-wyzwanie-dla-ratownictwa-medycznego-w-polsce-europie-i-na-swiecie-partnerem-wydarzenia-bylo-polskie-towarzystwo-ratownikow-me\/#primaryimage","url":"https:\/\/ratmed.org\/wp-content\/uploads\/2023\/11\/2023-11-18-401662502_735509695265762_5409338853690977124_n.jpg","contentUrl":"https:\/\/ratmed.org\/wp-content\/uploads\/2023\/11\/2023-11-18-401662502_735509695265762_5409338853690977124_n.jpg","width":2048,"height":1239},{"@type":"BreadcrumbList","@id":"https:\/\/ratmed.org\/index.php\/2023\/11\/18\/zakonczyla-sie-miedzynarodowa-konferencja-naukowa-pn-wyzwanie-dla-ratownictwa-medycznego-w-polsce-europie-i-na-swiecie-partnerem-wydarzenia-bylo-polskie-towarzystwo-ratownikow-me\/#breadcrumb","itemListElement":[{"@type":"ListItem","position":1,"name":"Strona g\u0142\u00f3wna","item":"https:\/\/ratmed.org\/"},{"@type":"ListItem","position":2,"name":"Zako\u0144czy\u0142a si\u0119 mi\u0119dzynarodowa konferencja naukowa pn. \u201eWyzwanie dla ratownictwa medycznego w Polsce, Europie i na \u015bwiecie\u201d &#8211; partnerem wydarzenia by\u0142o Polskie Towarzystwo Ratownik\u00f3w Medycznych"}]},{"@type":"WebSite","@id":"https:\/\/ratmed.org\/#website","url":"https:\/\/ratmed.org\/","name":"","description":"Polskie Towarzystwo Ratownik\u00f3w Medycznych","potentialAction":[{"@type":"SearchAction","target":{"@type":"EntryPoint","urlTemplate":"https:\/\/ratmed.org\/?s={search_term_string}"},"query-input":{"@type":"PropertyValueSpecification","valueRequired":true,"valueName":"search_term_string"}}],"inLanguage":"pl-PL"},{"@type":"Person","@id":"https:\/\/ratmed.org\/#\/schema\/person\/2803219621d75b7faebffd3898ea5816","name":"szafir6","image":{"@type":"ImageObject","inLanguage":"pl-PL","@id":"https:\/\/secure.gravatar.com\/avatar\/ba97dfecbcb5570ce62cccf7417ed5b625624478a61981e9c13c85867ff92d83?s=96&d=mm&r=g","url":"https:\/\/secure.gravatar.com\/avatar\/ba97dfecbcb5570ce62cccf7417ed5b625624478a61981e9c13c85867ff92d83?s=96&d=mm&r=g","contentUrl":"https:\/\/secure.gravatar.com\/avatar\/ba97dfecbcb5570ce62cccf7417ed5b625624478a61981e9c13c85867ff92d83?s=96&d=mm&r=g","caption":"szafir6"},"sameAs":["https:\/\/web.facebook.com\/Polskie-Towarzystwo-Ratownikw-Medycznych-128583367841533\/"],"url":"https:\/\/ratmed.org\/index.php\/author\/admin8617\/"}]}},"_links":{"self":[{"href":"https:\/\/ratmed.org\/index.php\/wp-json\/wp\/v2\/posts\/3227","targetHints":{"allow":["GET"]}}],"collection":[{"href":"https:\/\/ratmed.org\/index.php\/wp-json\/wp\/v2\/posts"}],"about":[{"href":"https:\/\/ratmed.org\/index.php\/wp-json\/wp\/v2\/types\/post"}],"author":[{"embeddable":true,"href":"https:\/\/ratmed.org\/index.php\/wp-json\/wp\/v2\/users\/1"}],"replies":[{"embeddable":true,"href":"https:\/\/ratmed.org\/index.php\/wp-json\/wp\/v2\/comments?post=3227"}],"version-history":[{"count":2,"href":"https:\/\/ratmed.org\/index.php\/wp-json\/wp\/v2\/posts\/3227\/revisions"}],"predecessor-version":[{"id":3232,"href":"https:\/\/ratmed.org\/index.php\/wp-json\/wp\/v2\/posts\/3227\/revisions\/3232"}],"wp:attachment":[{"href":"https:\/\/ratmed.org\/index.php\/wp-json\/wp\/v2\/media?parent=3227"}],"wp:term":[{"taxonomy":"category","embeddable":true,"href":"https:\/\/ratmed.org\/index.php\/wp-json\/wp\/v2\/categories?post=3227"},{"taxonomy":"post_tag","embeddable":true,"href":"https:\/\/ratmed.org\/index.php\/wp-json\/wp\/v2\/tags?post=3227"}],"curies":[{"name":"wp","href":"https:\/\/api.w.org\/{rel}","templated":true}]}}