{"id":3241,"date":"2023-11-27T22:00:22","date_gmt":"2023-11-27T21:00:22","guid":{"rendered":"https:\/\/ratmed.org\/?p=3241"},"modified":"2023-11-28T11:42:53","modified_gmt":"2023-11-28T10:42:53","slug":"zakonczyl-sie-i-ogolnopolski-zjazd-organizacji-zrzeszajacych-ratownikow-medycznych","status":"publish","type":"post","link":"https:\/\/ratmed.org\/index.php\/2023\/11\/27\/zakonczyl-sie-i-ogolnopolski-zjazd-organizacji-zrzeszajacych-ratownikow-medycznych\/","title":{"rendered":"Zako\u0144czy\u0142 si\u0119 I Og\u00f3lnopolski Zjazd Organizacji Zrzeszaj\u0105cych Ratownik\u00f3w Medycznych"},"content":{"rendered":"<p>\u201e<em><strong>Wsp\u00f3lnie dla zawodu<\/strong><\/em>\u201d \u2013 pod takim has\u0142em odby\u0142 si\u0119 w dniach 26-27 listopada 2023 r. I Og\u00f3lnopolski Zjazd Organizacji Zrzeszaj\u0105cych ratownik\u00f3w medycznych. Wydarzenie zorganizowa\u0142o Polskie Towarzystwo Ratownik\u00f3w Medycznych.<\/p>\n<p><img loading=\"lazy\" decoding=\"async\" class=\"size-large wp-image-3170 aligncenter\" src=\"https:\/\/ratmed.org\/wp-content\/uploads\/2023\/10\/2023-10-09-Baner-z-logiem-i-nazwa-wydarzenia-po-korekcie-z-krzyzem-1024x235.jpg\" alt=\"\" width=\"780\" height=\"179\" srcset=\"https:\/\/ratmed.org\/wp-content\/uploads\/2023\/10\/2023-10-09-Baner-z-logiem-i-nazwa-wydarzenia-po-korekcie-z-krzyzem-1024x235.jpg 1024w, https:\/\/ratmed.org\/wp-content\/uploads\/2023\/10\/2023-10-09-Baner-z-logiem-i-nazwa-wydarzenia-po-korekcie-z-krzyzem-300x69.jpg 300w, https:\/\/ratmed.org\/wp-content\/uploads\/2023\/10\/2023-10-09-Baner-z-logiem-i-nazwa-wydarzenia-po-korekcie-z-krzyzem-768x176.jpg 768w, https:\/\/ratmed.org\/wp-content\/uploads\/2023\/10\/2023-10-09-Baner-z-logiem-i-nazwa-wydarzenia-po-korekcie-z-krzyzem.jpg 1147w\" sizes=\"auto, (max-width: 780px) 100vw, 780px\" \/><\/p>\n<p><strong>Uczestnikami Zjazdu<\/strong> byli cz\u0142onkowie delegacji zg\u0142oszonych przez nast\u0119puj\u0105ce organizacje i instytucje:<\/p>\n<ul>\n<li>Krajowy Zwi\u0105zek Pracownik\u00f3w Ratownictwa Medycznego<\/li>\n<li>Krajowa Sekcja Pogotowia Ratunkowego i Ratownictwa Medycznego NSZZ \u201eSolidarno\u015b\u0107\u201d<\/li>\n<li>Og\u00f3lnopolski Zwi\u0105zek Zawodowy Ratownik\u00f3w Medycznych<\/li>\n<li>Polski Zwi\u0105zek Ratownik\u00f3w Medycznych<\/li>\n<li>Mi\u0119dzyzak\u0142adowy Zwi\u0105zek Zawodowy Ratownik\u00f3w Medycznych w Legnicy<\/li>\n<li>Krajowe Stowarzyszenie Ratownik\u00f3w Medycznych<\/li>\n<li>Zwi\u0105zek Zawodowy Cz\u0142onk\u00f3w Za\u0142\u00f3g HEMS i EMS Lotniczego Pogotowia Ratunkowego<\/li>\n<li>Zwi\u0105zek Zawodowy Systemu Pa\u0144stwowe Ratownictwo Medyczne<\/li>\n<li>56 Baza Lotnicza w Inowroc\u0142awiu (JW 1641)<\/li>\n<li>2 Wojskowy Szpital Polowy we Wroc\u0142awiu<\/li>\n<li>Inspektorat Wsparcia Si\u0142 Zbrojnych<\/li>\n<\/ul>\n<p><img loading=\"lazy\" decoding=\"async\" class=\"size-full wp-image-3258 aligncenter\" src=\"https:\/\/ratmed.org\/wp-content\/uploads\/2023\/11\/2023-11-27-2-dzien-Zjazdu-Organizacji-z-Michalem.jpg\" alt=\"\" width=\"1024\" height=\"768\" srcset=\"https:\/\/ratmed.org\/wp-content\/uploads\/2023\/11\/2023-11-27-2-dzien-Zjazdu-Organizacji-z-Michalem.jpg 1024w, https:\/\/ratmed.org\/wp-content\/uploads\/2023\/11\/2023-11-27-2-dzien-Zjazdu-Organizacji-z-Michalem-300x225.jpg 300w, https:\/\/ratmed.org\/wp-content\/uploads\/2023\/11\/2023-11-27-2-dzien-Zjazdu-Organizacji-z-Michalem-768x576.jpg 768w\" sizes=\"auto, (max-width: 1024px) 100vw, 1024px\" \/><\/p>\n<p>Zjazd otworzy\u0142 Pan <strong><em>dr n. o zdr. Jaros\u0142aw Madowicz<\/em><\/strong> Prezes Zarz\u0105du G\u0142\u00f3wnego Polskiego Towarzystwa Ratownik\u00f3w Medycznych.<\/p>\n<p><img loading=\"lazy\" decoding=\"async\" class=\"size-full wp-image-3242 aligncenter\" src=\"https:\/\/ratmed.org\/wp-content\/uploads\/2023\/11\/2023-11-28-Otwarcie-Jarek.jpg\" alt=\"\" width=\"960\" height=\"720\" srcset=\"https:\/\/ratmed.org\/wp-content\/uploads\/2023\/11\/2023-11-28-Otwarcie-Jarek.jpg 960w, https:\/\/ratmed.org\/wp-content\/uploads\/2023\/11\/2023-11-28-Otwarcie-Jarek-300x225.jpg 300w, https:\/\/ratmed.org\/wp-content\/uploads\/2023\/11\/2023-11-28-Otwarcie-Jarek-768x576.jpg 768w\" sizes=\"auto, (max-width: 960px) 100vw, 960px\" \/><\/p>\n<p>Program dwudniowego Zjazdu obejmowa\u0142 5 paneli tematycznych:<\/p>\n<ul>\n<li><strong>PANEL 1<\/strong>\u00a0\u2013 \u201e<em>Samorz\u0105d = Du\u017ca firma?<\/em>\u201d prowadzi\u0142 Pan <strong><em>mgr Mateusz Komza<\/em><\/strong>, Cz\u0142onek Zarz\u0105du PTRM, Przewodnicz\u0105cy Komitetu Organizacyjnego Samorz\u0105du Ratownik\u00f3w Medycznych<\/li>\n<\/ul>\n<p><img loading=\"lazy\" decoding=\"async\" class=\"size-large wp-image-3243 aligncenter\" src=\"https:\/\/ratmed.org\/wp-content\/uploads\/2023\/11\/2023-11-28-Panel-1-1024x599.jpg\" alt=\"\" width=\"780\" height=\"456\" srcset=\"https:\/\/ratmed.org\/wp-content\/uploads\/2023\/11\/2023-11-28-Panel-1-1024x599.jpg 1024w, https:\/\/ratmed.org\/wp-content\/uploads\/2023\/11\/2023-11-28-Panel-1-300x175.jpg 300w, https:\/\/ratmed.org\/wp-content\/uploads\/2023\/11\/2023-11-28-Panel-1-768x449.jpg 768w, https:\/\/ratmed.org\/wp-content\/uploads\/2023\/11\/2023-11-28-Panel-1-1536x899.jpg 1536w, https:\/\/ratmed.org\/wp-content\/uploads\/2023\/11\/2023-11-28-Panel-1.jpg 2048w\" sizes=\"auto, (max-width: 780px) 100vw, 780px\" \/><\/p>\n<ul>\n<li><strong>PANEL 2<\/strong>\u00a0\u2013 \u201e<em>Jak widzimy organizacj\u0119 przysz\u0142ej Krajowej Rady Ratownik\u00f3w Medycznych?\u201d prowadzi\u0142 Pan <strong>mgr Ireneusz Szafraniec<\/strong>, Prezes Elekt PTRM<\/em><\/li>\n<\/ul>\n<p><img loading=\"lazy\" decoding=\"async\" class=\"size-large wp-image-3244 aligncenter\" src=\"https:\/\/ratmed.org\/wp-content\/uploads\/2023\/11\/2023-11-28-Panel-2-1024x768.jpg\" alt=\"\" width=\"780\" height=\"585\" srcset=\"https:\/\/ratmed.org\/wp-content\/uploads\/2023\/11\/2023-11-28-Panel-2-1024x768.jpg 1024w, https:\/\/ratmed.org\/wp-content\/uploads\/2023\/11\/2023-11-28-Panel-2-300x225.jpg 300w, https:\/\/ratmed.org\/wp-content\/uploads\/2023\/11\/2023-11-28-Panel-2-768x576.jpg 768w, https:\/\/ratmed.org\/wp-content\/uploads\/2023\/11\/2023-11-28-Panel-2-1536x1152.jpg 1536w, https:\/\/ratmed.org\/wp-content\/uploads\/2023\/11\/2023-11-28-Panel-2.jpg 2048w\" sizes=\"auto, (max-width: 780px) 100vw, 780px\" \/><\/p>\n<ul>\n<li><strong>PANEL 3<\/strong> \u2013 \u201eO systemie PRM s\u0142\u00f3w kilka \u2026\u201d prowadzi\u0142 Pan <strong><em>dr n. med. i n. o zdr.<\/em><\/strong> <strong><em>Micha\u0142 Kucap<\/em><\/strong>, Cz\u0142onek Zarz\u0105du PTRM, Krajowy Ekspert ds. ratownictwa medycznego PTRM<\/li>\n<\/ul>\n<p><img loading=\"lazy\" decoding=\"async\" class=\"size-large wp-image-3245 aligncenter\" src=\"https:\/\/ratmed.org\/wp-content\/uploads\/2023\/11\/2023-11-28-Panel-3-1024x768.jpg\" alt=\"\" width=\"780\" height=\"585\" srcset=\"https:\/\/ratmed.org\/wp-content\/uploads\/2023\/11\/2023-11-28-Panel-3-1024x768.jpg 1024w, https:\/\/ratmed.org\/wp-content\/uploads\/2023\/11\/2023-11-28-Panel-3-300x225.jpg 300w, https:\/\/ratmed.org\/wp-content\/uploads\/2023\/11\/2023-11-28-Panel-3-768x576.jpg 768w, https:\/\/ratmed.org\/wp-content\/uploads\/2023\/11\/2023-11-28-Panel-3-1536x1152.jpg 1536w, https:\/\/ratmed.org\/wp-content\/uploads\/2023\/11\/2023-11-28-Panel-3.jpg 2048w\" sizes=\"auto, (max-width: 780px) 100vw, 780px\" \/><\/p>\n<ul>\n<li><strong>PANEL 4<\/strong> \u2013 \u201eRola i miejsce zawodu ratownika medycznego w systemie ochrony zdrowia\u201d prowadzi\u0142 Pan <strong><em>dr n. o zdr. Jaros\u0142aw Madowicz<\/em><\/strong>, Prezes Zarz\u0105du G\u0142\u00f3wnego PTRM<\/li>\n<\/ul>\n<p><img loading=\"lazy\" decoding=\"async\" class=\"size-large wp-image-3246 aligncenter\" src=\"https:\/\/ratmed.org\/wp-content\/uploads\/2023\/11\/2023-11-28-Panel-4-1024x768.jpg\" alt=\"\" width=\"780\" height=\"585\" srcset=\"https:\/\/ratmed.org\/wp-content\/uploads\/2023\/11\/2023-11-28-Panel-4-1024x768.jpg 1024w, https:\/\/ratmed.org\/wp-content\/uploads\/2023\/11\/2023-11-28-Panel-4-300x225.jpg 300w, https:\/\/ratmed.org\/wp-content\/uploads\/2023\/11\/2023-11-28-Panel-4-768x576.jpg 768w, https:\/\/ratmed.org\/wp-content\/uploads\/2023\/11\/2023-11-28-Panel-4-1536x1152.jpg 1536w, https:\/\/ratmed.org\/wp-content\/uploads\/2023\/11\/2023-11-28-Panel-4.jpg 2048w\" sizes=\"auto, (max-width: 780px) 100vw, 780px\" \/><\/p>\n<ul>\n<li><strong>PANEL 5<\/strong>\u00a0\u2013 \u201e<em>Jak spotyka\u0107 si\u0119 z \u2026.<\/em>\u201d prowadzi\u0142 Pan <strong><em>dr n. med. Ireneusz Barziej<\/em><\/strong>, Przewodnicz\u0105cy Rady Naukowej PTRM<\/li>\n<\/ul>\n<p><img loading=\"lazy\" decoding=\"async\" class=\"size-large wp-image-3247 aligncenter\" src=\"https:\/\/ratmed.org\/wp-content\/uploads\/2023\/11\/2023-11-28-Panel-5-1024x768.jpg\" alt=\"\" width=\"780\" height=\"585\" srcset=\"https:\/\/ratmed.org\/wp-content\/uploads\/2023\/11\/2023-11-28-Panel-5-1024x768.jpg 1024w, https:\/\/ratmed.org\/wp-content\/uploads\/2023\/11\/2023-11-28-Panel-5-300x225.jpg 300w, https:\/\/ratmed.org\/wp-content\/uploads\/2023\/11\/2023-11-28-Panel-5-768x576.jpg 768w, https:\/\/ratmed.org\/wp-content\/uploads\/2023\/11\/2023-11-28-Panel-5-1536x1152.jpg 1536w, https:\/\/ratmed.org\/wp-content\/uploads\/2023\/11\/2023-11-28-Panel-5.jpg 2048w\" sizes=\"auto, (max-width: 780px) 100vw, 780px\" \/><\/p>\n<p>Dodatkowo podczas Zjazdu zosta\u0142o zaprezentowane zagadnienie odpowiedzialno\u015bci prawnej w r\u00f3\u017cnych formach wykonywania zawodu ratownika medycznego. Prelekcj\u0119 poprowadzi\u0142 Pan <em><strong>mec. Pawe\u0142 Strzelec<\/strong>,\u00a0<\/em>Inter Ubezpieczenia \u2013 partner wydarzenia.<\/p>\n<p><img loading=\"lazy\" decoding=\"async\" class=\"size-large wp-image-3248 aligncenter\" src=\"https:\/\/ratmed.org\/wp-content\/uploads\/2023\/11\/2023-11-28-Panel-prawny-1024x768.jpg\" alt=\"\" width=\"780\" height=\"585\" srcset=\"https:\/\/ratmed.org\/wp-content\/uploads\/2023\/11\/2023-11-28-Panel-prawny-1024x768.jpg 1024w, https:\/\/ratmed.org\/wp-content\/uploads\/2023\/11\/2023-11-28-Panel-prawny-300x225.jpg 300w, https:\/\/ratmed.org\/wp-content\/uploads\/2023\/11\/2023-11-28-Panel-prawny-768x576.jpg 768w, https:\/\/ratmed.org\/wp-content\/uploads\/2023\/11\/2023-11-28-Panel-prawny-1536x1152.jpg 1536w, https:\/\/ratmed.org\/wp-content\/uploads\/2023\/11\/2023-11-28-Panel-prawny.jpg 2048w\" sizes=\"auto, (max-width: 780px) 100vw, 780px\" \/><\/p>\n<p>Wszystkim panelom towarzyszy\u0142a dyskusja w kt\u00f3rej ka\u017cdy z uczestnik\u00f3w m\u00f3g\u0142 si\u0119 wypowiedzie\u0107.<\/p>\n<p><img loading=\"lazy\" decoding=\"async\" class=\"size-large wp-image-3249 aligncenter\" src=\"https:\/\/ratmed.org\/wp-content\/uploads\/2023\/11\/2023-11-28-Dyskusja-9-1024x768.jpg\" alt=\"\" width=\"780\" height=\"585\" srcset=\"https:\/\/ratmed.org\/wp-content\/uploads\/2023\/11\/2023-11-28-Dyskusja-9-1024x768.jpg 1024w, https:\/\/ratmed.org\/wp-content\/uploads\/2023\/11\/2023-11-28-Dyskusja-9-300x225.jpg 300w, https:\/\/ratmed.org\/wp-content\/uploads\/2023\/11\/2023-11-28-Dyskusja-9-768x576.jpg 768w, https:\/\/ratmed.org\/wp-content\/uploads\/2023\/11\/2023-11-28-Dyskusja-9-1536x1152.jpg 1536w, https:\/\/ratmed.org\/wp-content\/uploads\/2023\/11\/2023-11-28-Dyskusja-9.jpg 2048w\" sizes=\"auto, (max-width: 780px) 100vw, 780px\" \/><\/p>\n<p><img loading=\"lazy\" decoding=\"async\" class=\"size-large wp-image-3250 aligncenter\" src=\"https:\/\/ratmed.org\/wp-content\/uploads\/2023\/11\/2023-11-28-Dyskusja-8-1024x768.jpg\" alt=\"\" width=\"780\" height=\"585\" srcset=\"https:\/\/ratmed.org\/wp-content\/uploads\/2023\/11\/2023-11-28-Dyskusja-8-1024x768.jpg 1024w, https:\/\/ratmed.org\/wp-content\/uploads\/2023\/11\/2023-11-28-Dyskusja-8-300x225.jpg 300w, https:\/\/ratmed.org\/wp-content\/uploads\/2023\/11\/2023-11-28-Dyskusja-8-768x576.jpg 768w, https:\/\/ratmed.org\/wp-content\/uploads\/2023\/11\/2023-11-28-Dyskusja-8-1536x1152.jpg 1536w, https:\/\/ratmed.org\/wp-content\/uploads\/2023\/11\/2023-11-28-Dyskusja-8.jpg 2048w\" sizes=\"auto, (max-width: 780px) 100vw, 780px\" \/><\/p>\n<p><img loading=\"lazy\" decoding=\"async\" class=\"size-large wp-image-3252 aligncenter\" src=\"https:\/\/ratmed.org\/wp-content\/uploads\/2023\/11\/2023-11-28-Dyskusja-6-1024x768.jpg\" alt=\"\" width=\"780\" height=\"585\" srcset=\"https:\/\/ratmed.org\/wp-content\/uploads\/2023\/11\/2023-11-28-Dyskusja-6-1024x768.jpg 1024w, https:\/\/ratmed.org\/wp-content\/uploads\/2023\/11\/2023-11-28-Dyskusja-6-300x225.jpg 300w, https:\/\/ratmed.org\/wp-content\/uploads\/2023\/11\/2023-11-28-Dyskusja-6-768x576.jpg 768w, https:\/\/ratmed.org\/wp-content\/uploads\/2023\/11\/2023-11-28-Dyskusja-6-1536x1152.jpg 1536w, https:\/\/ratmed.org\/wp-content\/uploads\/2023\/11\/2023-11-28-Dyskusja-6.jpg 2048w\" sizes=\"auto, (max-width: 780px) 100vw, 780px\" \/><\/p>\n<p><img loading=\"lazy\" decoding=\"async\" class=\"size-large wp-image-3253 aligncenter\" src=\"https:\/\/ratmed.org\/wp-content\/uploads\/2023\/11\/2023-11-28-Dyskusja-5-1024x768.jpg\" alt=\"\" width=\"780\" height=\"585\" srcset=\"https:\/\/ratmed.org\/wp-content\/uploads\/2023\/11\/2023-11-28-Dyskusja-5-1024x768.jpg 1024w, https:\/\/ratmed.org\/wp-content\/uploads\/2023\/11\/2023-11-28-Dyskusja-5-300x225.jpg 300w, https:\/\/ratmed.org\/wp-content\/uploads\/2023\/11\/2023-11-28-Dyskusja-5-768x576.jpg 768w, https:\/\/ratmed.org\/wp-content\/uploads\/2023\/11\/2023-11-28-Dyskusja-5-1536x1152.jpg 1536w, https:\/\/ratmed.org\/wp-content\/uploads\/2023\/11\/2023-11-28-Dyskusja-5.jpg 2048w\" sizes=\"auto, (max-width: 780px) 100vw, 780px\" \/><\/p>\n<p><img loading=\"lazy\" decoding=\"async\" class=\"size-large wp-image-3254 aligncenter\" src=\"https:\/\/ratmed.org\/wp-content\/uploads\/2023\/11\/2023-11-28-Dyskusja-4-1024x768.jpg\" alt=\"\" width=\"780\" height=\"585\" srcset=\"https:\/\/ratmed.org\/wp-content\/uploads\/2023\/11\/2023-11-28-Dyskusja-4-1024x768.jpg 1024w, https:\/\/ratmed.org\/wp-content\/uploads\/2023\/11\/2023-11-28-Dyskusja-4-300x225.jpg 300w, https:\/\/ratmed.org\/wp-content\/uploads\/2023\/11\/2023-11-28-Dyskusja-4-768x576.jpg 768w, https:\/\/ratmed.org\/wp-content\/uploads\/2023\/11\/2023-11-28-Dyskusja-4-1536x1152.jpg 1536w, https:\/\/ratmed.org\/wp-content\/uploads\/2023\/11\/2023-11-28-Dyskusja-4.jpg 2048w\" sizes=\"auto, (max-width: 780px) 100vw, 780px\" \/><\/p>\n<p><img loading=\"lazy\" decoding=\"async\" class=\"size-large wp-image-3255 aligncenter\" src=\"https:\/\/ratmed.org\/wp-content\/uploads\/2023\/11\/2023-11-28-Dyskusja-3-1024x768.jpg\" alt=\"\" width=\"780\" height=\"585\" srcset=\"https:\/\/ratmed.org\/wp-content\/uploads\/2023\/11\/2023-11-28-Dyskusja-3-1024x768.jpg 1024w, https:\/\/ratmed.org\/wp-content\/uploads\/2023\/11\/2023-11-28-Dyskusja-3-300x225.jpg 300w, https:\/\/ratmed.org\/wp-content\/uploads\/2023\/11\/2023-11-28-Dyskusja-3-768x576.jpg 768w, https:\/\/ratmed.org\/wp-content\/uploads\/2023\/11\/2023-11-28-Dyskusja-3-1536x1152.jpg 1536w, https:\/\/ratmed.org\/wp-content\/uploads\/2023\/11\/2023-11-28-Dyskusja-3.jpg 2048w\" sizes=\"auto, (max-width: 780px) 100vw, 780px\" \/><\/p>\n<p><img loading=\"lazy\" decoding=\"async\" class=\"size-large wp-image-3256 aligncenter\" src=\"https:\/\/ratmed.org\/wp-content\/uploads\/2023\/11\/2023-11-28-Dyskusja-2-1024x768.jpg\" alt=\"\" width=\"780\" height=\"585\" srcset=\"https:\/\/ratmed.org\/wp-content\/uploads\/2023\/11\/2023-11-28-Dyskusja-2-1024x768.jpg 1024w, https:\/\/ratmed.org\/wp-content\/uploads\/2023\/11\/2023-11-28-Dyskusja-2-300x225.jpg 300w, https:\/\/ratmed.org\/wp-content\/uploads\/2023\/11\/2023-11-28-Dyskusja-2-768x576.jpg 768w, https:\/\/ratmed.org\/wp-content\/uploads\/2023\/11\/2023-11-28-Dyskusja-2-1536x1152.jpg 1536w, https:\/\/ratmed.org\/wp-content\/uploads\/2023\/11\/2023-11-28-Dyskusja-2.jpg 2048w\" sizes=\"auto, (max-width: 780px) 100vw, 780px\" \/><\/p>\n<p><img loading=\"lazy\" decoding=\"async\" class=\"size-large wp-image-3257 aligncenter\" src=\"https:\/\/ratmed.org\/wp-content\/uploads\/2023\/11\/2023-11-28-Dyskusja-1-1024x768.jpg\" alt=\"\" width=\"780\" height=\"585\" srcset=\"https:\/\/ratmed.org\/wp-content\/uploads\/2023\/11\/2023-11-28-Dyskusja-1-1024x768.jpg 1024w, https:\/\/ratmed.org\/wp-content\/uploads\/2023\/11\/2023-11-28-Dyskusja-1-300x225.jpg 300w, https:\/\/ratmed.org\/wp-content\/uploads\/2023\/11\/2023-11-28-Dyskusja-1-768x576.jpg 768w, https:\/\/ratmed.org\/wp-content\/uploads\/2023\/11\/2023-11-28-Dyskusja-1-1536x1152.jpg 1536w, https:\/\/ratmed.org\/wp-content\/uploads\/2023\/11\/2023-11-28-Dyskusja-1.jpg 2048w\" sizes=\"auto, (max-width: 780px) 100vw, 780px\" \/><\/p>\n<p>Na zako\u0144czenie Zjazdu delegacje organizacji zrzeszaj\u0105cych podpisa\u0142y wsp\u00f3lne stanowisko zawieraj\u0105ce 10 najpilniejszych problem\u00f3w, kt\u00f3re wymagaj\u0105 podj\u0119cia dzia\u0142a\u0144 przez Ministra Zdrowia.<\/p>\n<p>Stanowisko podpisa\u0142y nast\u0119puj\u0105ce organizacje:<\/p>\n<ul>\n<li>Krajowy Zwi\u0105zek Pracownik\u00f3w Ratownictwa Medycznego<\/li>\n<li>Og\u00f3lnopolski Zwi\u0105zek Zawodowy Ratownik\u00f3w Medycznych<\/li>\n<li>Polski Zwi\u0105zek Ratownik\u00f3w Medycznych<\/li>\n<li>Mi\u0119dzyzak\u0142adowy Zwi\u0105zek Zawodowy Ratownik\u00f3w Medycznych w Legnicy<\/li>\n<li>Krajowe Stowarzyszenie Ratownik\u00f3w Medycznych<\/li>\n<li>Zwi\u0105zek Zawodowy Cz\u0142onk\u00f3w Za\u0142\u00f3g HEMS i EMS Lotniczego Pogotowia Ratunkowego<\/li>\n<li>Zwi\u0105zek Zawodowy Systemu Pa\u0144stwowe Ratownictwo Medyczne<\/li>\n<\/ul>\n<p>Ww. stanowiska nie podpisa\u0142a jedynie jedna z organizacji uczestnicz\u0105ca w Zje\u017adzie: Krajowa Sekcja Pogotowia Ratunkowego i Ratownictwa Medycznego NSZZ \u201eSolidarno\u015b\u0107\u201d.<\/p>\n<p>Szerzej o podpisanym stanowisku piszemy w artykule &#8211; <a href=\"https:\/\/ratmed.org\/index.php\/2023\/11\/28\/wspolne-stanowisko-organizacji-zrzeszajacych-ratownikow-medycznych-dotyczace-10-najpilniejszych-problemow-ktore-wymagaja-podjecia-dzialan-przez-ministra-zdrowia\/\"><span style=\"text-decoration: underline;\"><strong>TUTA<\/strong><strong>J<\/strong><\/span><\/a>.<\/p>\n","protected":false},"excerpt":{"rendered":"<p>\u201eWsp\u00f3lnie dla zawodu\u201d \u2013 pod takim has\u0142em odby\u0142 si\u0119 w dniach 26-27 listopada 2023 r. I Og\u00f3lnopolski Zjazd Organizacji Zrzeszaj\u0105cych [&hellip;]<\/p>\n","protected":false},"author":1,"featured_media":0,"comment_status":"open","ping_status":"open","sticky":false,"template":"","format":"standard","meta":{"footnotes":"","_links_to":"","_links_to_target":""},"categories":[1],"tags":[],"class_list":["post-3241","post","type-post","status-publish","format-standard","hentry","category-uncategorized"],"yoast_head":"<!-- This site is optimized with the Yoast SEO plugin v27.5 - https:\/\/yoast.com\/product\/yoast-seo-wordpress\/ -->\n<title>Zako\u0144czy\u0142 si\u0119 I Og\u00f3lnopolski Zjazd Organizacji Zrzeszaj\u0105cych Ratownik\u00f3w Medycznych -<\/title>\n<meta name=\"robots\" content=\"index, follow, max-snippet:-1, max-image-preview:large, max-video-preview:-1\" \/>\n<link rel=\"canonical\" href=\"https:\/\/ratmed.org\/index.php\/2023\/11\/27\/zakonczyl-sie-i-ogolnopolski-zjazd-organizacji-zrzeszajacych-ratownikow-medycznych\/\" \/>\n<meta property=\"og:locale\" content=\"pl_PL\" \/>\n<meta property=\"og:type\" content=\"article\" \/>\n<meta property=\"og:title\" content=\"Zako\u0144czy\u0142 si\u0119 I Og\u00f3lnopolski Zjazd Organizacji Zrzeszaj\u0105cych Ratownik\u00f3w Medycznych -\" \/>\n<meta property=\"og:description\" content=\"\u201eWsp\u00f3lnie dla zawodu\u201d \u2013 pod takim has\u0142em odby\u0142 si\u0119 w dniach 26-27 listopada 2023 r. I Og\u00f3lnopolski Zjazd Organizacji Zrzeszaj\u0105cych [&hellip;]\" \/>\n<meta property=\"og:url\" content=\"https:\/\/ratmed.org\/index.php\/2023\/11\/27\/zakonczyl-sie-i-ogolnopolski-zjazd-organizacji-zrzeszajacych-ratownikow-medycznych\/\" \/>\n<meta property=\"article:author\" content=\"https:\/\/web.facebook.com\/Polskie-Towarzystwo-Ratownikw-Medycznych-128583367841533\/\" \/>\n<meta property=\"article:published_time\" content=\"2023-11-27T21:00:22+00:00\" \/>\n<meta property=\"article:modified_time\" content=\"2023-11-28T10:42:53+00:00\" \/>\n<meta property=\"og:image\" content=\"https:\/\/ratmed.org\/wp-content\/uploads\/2023\/10\/2023-10-09-Baner-z-logiem-i-nazwa-wydarzenia-po-korekcie-z-krzyzem-1024x235.jpg\" \/>\n<meta name=\"author\" content=\"szafir6\" \/>\n<meta name=\"twitter:card\" content=\"summary_large_image\" \/>\n<meta name=\"twitter:label1\" content=\"Napisane przez\" \/>\n\t<meta name=\"twitter:data1\" content=\"szafir6\" \/>\n\t<meta name=\"twitter:label2\" content=\"Szacowany czas czytania\" \/>\n\t<meta name=\"twitter:data2\" content=\"6 minut\" \/>\n<script type=\"application\/ld+json\" class=\"yoast-schema-graph\">{\"@context\":\"https:\\\/\\\/schema.org\",\"@graph\":[{\"@type\":\"Article\",\"@id\":\"https:\\\/\\\/ratmed.org\\\/index.php\\\/2023\\\/11\\\/27\\\/zakonczyl-sie-i-ogolnopolski-zjazd-organizacji-zrzeszajacych-ratownikow-medycznych\\\/#article\",\"isPartOf\":{\"@id\":\"https:\\\/\\\/ratmed.org\\\/index.php\\\/2023\\\/11\\\/27\\\/zakonczyl-sie-i-ogolnopolski-zjazd-organizacji-zrzeszajacych-ratownikow-medycznych\\\/\"},\"author\":{\"name\":\"szafir6\",\"@id\":\"https:\\\/\\\/ratmed.org\\\/#\\\/schema\\\/person\\\/2803219621d75b7faebffd3898ea5816\"},\"headline\":\"Zako\u0144czy\u0142 si\u0119 I Og\u00f3lnopolski Zjazd Organizacji Zrzeszaj\u0105cych Ratownik\u00f3w Medycznych\",\"datePublished\":\"2023-11-27T21:00:22+00:00\",\"dateModified\":\"2023-11-28T10:42:53+00:00\",\"mainEntityOfPage\":{\"@id\":\"https:\\\/\\\/ratmed.org\\\/index.php\\\/2023\\\/11\\\/27\\\/zakonczyl-sie-i-ogolnopolski-zjazd-organizacji-zrzeszajacych-ratownikow-medycznych\\\/\"},\"wordCount\":459,\"commentCount\":0,\"image\":{\"@id\":\"https:\\\/\\\/ratmed.org\\\/index.php\\\/2023\\\/11\\\/27\\\/zakonczyl-sie-i-ogolnopolski-zjazd-organizacji-zrzeszajacych-ratownikow-medycznych\\\/#primaryimage\"},\"thumbnailUrl\":\"https:\\\/\\\/ratmed.org\\\/wp-content\\\/uploads\\\/2023\\\/10\\\/2023-10-09-Baner-z-logiem-i-nazwa-wydarzenia-po-korekcie-z-krzyzem-1024x235.jpg\",\"articleSection\":[\"Uncategorized\"],\"inLanguage\":\"pl-PL\",\"potentialAction\":[{\"@type\":\"CommentAction\",\"name\":\"Comment\",\"target\":[\"https:\\\/\\\/ratmed.org\\\/index.php\\\/2023\\\/11\\\/27\\\/zakonczyl-sie-i-ogolnopolski-zjazd-organizacji-zrzeszajacych-ratownikow-medycznych\\\/#respond\"]}]},{\"@type\":\"WebPage\",\"@id\":\"https:\\\/\\\/ratmed.org\\\/index.php\\\/2023\\\/11\\\/27\\\/zakonczyl-sie-i-ogolnopolski-zjazd-organizacji-zrzeszajacych-ratownikow-medycznych\\\/\",\"url\":\"https:\\\/\\\/ratmed.org\\\/index.php\\\/2023\\\/11\\\/27\\\/zakonczyl-sie-i-ogolnopolski-zjazd-organizacji-zrzeszajacych-ratownikow-medycznych\\\/\",\"name\":\"Zako\u0144czy\u0142 si\u0119 I Og\u00f3lnopolski Zjazd Organizacji Zrzeszaj\u0105cych Ratownik\u00f3w Medycznych -\",\"isPartOf\":{\"@id\":\"https:\\\/\\\/ratmed.org\\\/#website\"},\"primaryImageOfPage\":{\"@id\":\"https:\\\/\\\/ratmed.org\\\/index.php\\\/2023\\\/11\\\/27\\\/zakonczyl-sie-i-ogolnopolski-zjazd-organizacji-zrzeszajacych-ratownikow-medycznych\\\/#primaryimage\"},\"image\":{\"@id\":\"https:\\\/\\\/ratmed.org\\\/index.php\\\/2023\\\/11\\\/27\\\/zakonczyl-sie-i-ogolnopolski-zjazd-organizacji-zrzeszajacych-ratownikow-medycznych\\\/#primaryimage\"},\"thumbnailUrl\":\"https:\\\/\\\/ratmed.org\\\/wp-content\\\/uploads\\\/2023\\\/10\\\/2023-10-09-Baner-z-logiem-i-nazwa-wydarzenia-po-korekcie-z-krzyzem-1024x235.jpg\",\"datePublished\":\"2023-11-27T21:00:22+00:00\",\"dateModified\":\"2023-11-28T10:42:53+00:00\",\"author\":{\"@id\":\"https:\\\/\\\/ratmed.org\\\/#\\\/schema\\\/person\\\/2803219621d75b7faebffd3898ea5816\"},\"breadcrumb\":{\"@id\":\"https:\\\/\\\/ratmed.org\\\/index.php\\\/2023\\\/11\\\/27\\\/zakonczyl-sie-i-ogolnopolski-zjazd-organizacji-zrzeszajacych-ratownikow-medycznych\\\/#breadcrumb\"},\"inLanguage\":\"pl-PL\",\"potentialAction\":[{\"@type\":\"ReadAction\",\"target\":[\"https:\\\/\\\/ratmed.org\\\/index.php\\\/2023\\\/11\\\/27\\\/zakonczyl-sie-i-ogolnopolski-zjazd-organizacji-zrzeszajacych-ratownikow-medycznych\\\/\"]}]},{\"@type\":\"ImageObject\",\"inLanguage\":\"pl-PL\",\"@id\":\"https:\\\/\\\/ratmed.org\\\/index.php\\\/2023\\\/11\\\/27\\\/zakonczyl-sie-i-ogolnopolski-zjazd-organizacji-zrzeszajacych-ratownikow-medycznych\\\/#primaryimage\",\"url\":\"https:\\\/\\\/ratmed.org\\\/wp-content\\\/uploads\\\/2023\\\/10\\\/2023-10-09-Baner-z-logiem-i-nazwa-wydarzenia-po-korekcie-z-krzyzem.jpg\",\"contentUrl\":\"https:\\\/\\\/ratmed.org\\\/wp-content\\\/uploads\\\/2023\\\/10\\\/2023-10-09-Baner-z-logiem-i-nazwa-wydarzenia-po-korekcie-z-krzyzem.jpg\",\"width\":1147,\"height\":263},{\"@type\":\"BreadcrumbList\",\"@id\":\"https:\\\/\\\/ratmed.org\\\/index.php\\\/2023\\\/11\\\/27\\\/zakonczyl-sie-i-ogolnopolski-zjazd-organizacji-zrzeszajacych-ratownikow-medycznych\\\/#breadcrumb\",\"itemListElement\":[{\"@type\":\"ListItem\",\"position\":1,\"name\":\"Strona g\u0142\u00f3wna\",\"item\":\"https:\\\/\\\/ratmed.org\\\/\"},{\"@type\":\"ListItem\",\"position\":2,\"name\":\"Zako\u0144czy\u0142 si\u0119 I Og\u00f3lnopolski Zjazd Organizacji Zrzeszaj\u0105cych Ratownik\u00f3w Medycznych\"}]},{\"@type\":\"WebSite\",\"@id\":\"https:\\\/\\\/ratmed.org\\\/#website\",\"url\":\"https:\\\/\\\/ratmed.org\\\/\",\"name\":\"\",\"description\":\"Polskie Towarzystwo Ratownik\u00f3w Medycznych\",\"potentialAction\":[{\"@type\":\"SearchAction\",\"target\":{\"@type\":\"EntryPoint\",\"urlTemplate\":\"https:\\\/\\\/ratmed.org\\\/?s={search_term_string}\"},\"query-input\":{\"@type\":\"PropertyValueSpecification\",\"valueRequired\":true,\"valueName\":\"search_term_string\"}}],\"inLanguage\":\"pl-PL\"},{\"@type\":\"Person\",\"@id\":\"https:\\\/\\\/ratmed.org\\\/#\\\/schema\\\/person\\\/2803219621d75b7faebffd3898ea5816\",\"name\":\"szafir6\",\"image\":{\"@type\":\"ImageObject\",\"inLanguage\":\"pl-PL\",\"@id\":\"https:\\\/\\\/secure.gravatar.com\\\/avatar\\\/ba97dfecbcb5570ce62cccf7417ed5b625624478a61981e9c13c85867ff92d83?s=96&d=mm&r=g\",\"url\":\"https:\\\/\\\/secure.gravatar.com\\\/avatar\\\/ba97dfecbcb5570ce62cccf7417ed5b625624478a61981e9c13c85867ff92d83?s=96&d=mm&r=g\",\"contentUrl\":\"https:\\\/\\\/secure.gravatar.com\\\/avatar\\\/ba97dfecbcb5570ce62cccf7417ed5b625624478a61981e9c13c85867ff92d83?s=96&d=mm&r=g\",\"caption\":\"szafir6\"},\"sameAs\":[\"https:\\\/\\\/web.facebook.com\\\/Polskie-Towarzystwo-Ratownikw-Medycznych-128583367841533\\\/\"],\"url\":\"https:\\\/\\\/ratmed.org\\\/index.php\\\/author\\\/admin8617\\\/\"}]}<\/script>\n<!-- \/ Yoast SEO plugin. -->","yoast_head_json":{"title":"Zako\u0144czy\u0142 si\u0119 I Og\u00f3lnopolski Zjazd Organizacji Zrzeszaj\u0105cych Ratownik\u00f3w Medycznych -","robots":{"index":"index","follow":"follow","max-snippet":"max-snippet:-1","max-image-preview":"max-image-preview:large","max-video-preview":"max-video-preview:-1"},"canonical":"https:\/\/ratmed.org\/index.php\/2023\/11\/27\/zakonczyl-sie-i-ogolnopolski-zjazd-organizacji-zrzeszajacych-ratownikow-medycznych\/","og_locale":"pl_PL","og_type":"article","og_title":"Zako\u0144czy\u0142 si\u0119 I Og\u00f3lnopolski Zjazd Organizacji Zrzeszaj\u0105cych Ratownik\u00f3w Medycznych -","og_description":"\u201eWsp\u00f3lnie dla zawodu\u201d \u2013 pod takim has\u0142em odby\u0142 si\u0119 w dniach 26-27 listopada 2023 r. I Og\u00f3lnopolski Zjazd Organizacji Zrzeszaj\u0105cych [&hellip;]","og_url":"https:\/\/ratmed.org\/index.php\/2023\/11\/27\/zakonczyl-sie-i-ogolnopolski-zjazd-organizacji-zrzeszajacych-ratownikow-medycznych\/","article_author":"https:\/\/web.facebook.com\/Polskie-Towarzystwo-Ratownikw-Medycznych-128583367841533\/","article_published_time":"2023-11-27T21:00:22+00:00","article_modified_time":"2023-11-28T10:42:53+00:00","og_image":[{"url":"https:\/\/ratmed.org\/wp-content\/uploads\/2023\/10\/2023-10-09-Baner-z-logiem-i-nazwa-wydarzenia-po-korekcie-z-krzyzem-1024x235.jpg","type":"","width":"","height":""}],"author":"szafir6","twitter_card":"summary_large_image","twitter_misc":{"Napisane przez":"szafir6","Szacowany czas czytania":"6 minut"},"schema":{"@context":"https:\/\/schema.org","@graph":[{"@type":"Article","@id":"https:\/\/ratmed.org\/index.php\/2023\/11\/27\/zakonczyl-sie-i-ogolnopolski-zjazd-organizacji-zrzeszajacych-ratownikow-medycznych\/#article","isPartOf":{"@id":"https:\/\/ratmed.org\/index.php\/2023\/11\/27\/zakonczyl-sie-i-ogolnopolski-zjazd-organizacji-zrzeszajacych-ratownikow-medycznych\/"},"author":{"name":"szafir6","@id":"https:\/\/ratmed.org\/#\/schema\/person\/2803219621d75b7faebffd3898ea5816"},"headline":"Zako\u0144czy\u0142 si\u0119 I Og\u00f3lnopolski Zjazd Organizacji Zrzeszaj\u0105cych Ratownik\u00f3w Medycznych","datePublished":"2023-11-27T21:00:22+00:00","dateModified":"2023-11-28T10:42:53+00:00","mainEntityOfPage":{"@id":"https:\/\/ratmed.org\/index.php\/2023\/11\/27\/zakonczyl-sie-i-ogolnopolski-zjazd-organizacji-zrzeszajacych-ratownikow-medycznych\/"},"wordCount":459,"commentCount":0,"image":{"@id":"https:\/\/ratmed.org\/index.php\/2023\/11\/27\/zakonczyl-sie-i-ogolnopolski-zjazd-organizacji-zrzeszajacych-ratownikow-medycznych\/#primaryimage"},"thumbnailUrl":"https:\/\/ratmed.org\/wp-content\/uploads\/2023\/10\/2023-10-09-Baner-z-logiem-i-nazwa-wydarzenia-po-korekcie-z-krzyzem-1024x235.jpg","articleSection":["Uncategorized"],"inLanguage":"pl-PL","potentialAction":[{"@type":"CommentAction","name":"Comment","target":["https:\/\/ratmed.org\/index.php\/2023\/11\/27\/zakonczyl-sie-i-ogolnopolski-zjazd-organizacji-zrzeszajacych-ratownikow-medycznych\/#respond"]}]},{"@type":"WebPage","@id":"https:\/\/ratmed.org\/index.php\/2023\/11\/27\/zakonczyl-sie-i-ogolnopolski-zjazd-organizacji-zrzeszajacych-ratownikow-medycznych\/","url":"https:\/\/ratmed.org\/index.php\/2023\/11\/27\/zakonczyl-sie-i-ogolnopolski-zjazd-organizacji-zrzeszajacych-ratownikow-medycznych\/","name":"Zako\u0144czy\u0142 si\u0119 I Og\u00f3lnopolski Zjazd Organizacji Zrzeszaj\u0105cych Ratownik\u00f3w Medycznych -","isPartOf":{"@id":"https:\/\/ratmed.org\/#website"},"primaryImageOfPage":{"@id":"https:\/\/ratmed.org\/index.php\/2023\/11\/27\/zakonczyl-sie-i-ogolnopolski-zjazd-organizacji-zrzeszajacych-ratownikow-medycznych\/#primaryimage"},"image":{"@id":"https:\/\/ratmed.org\/index.php\/2023\/11\/27\/zakonczyl-sie-i-ogolnopolski-zjazd-organizacji-zrzeszajacych-ratownikow-medycznych\/#primaryimage"},"thumbnailUrl":"https:\/\/ratmed.org\/wp-content\/uploads\/2023\/10\/2023-10-09-Baner-z-logiem-i-nazwa-wydarzenia-po-korekcie-z-krzyzem-1024x235.jpg","datePublished":"2023-11-27T21:00:22+00:00","dateModified":"2023-11-28T10:42:53+00:00","author":{"@id":"https:\/\/ratmed.org\/#\/schema\/person\/2803219621d75b7faebffd3898ea5816"},"breadcrumb":{"@id":"https:\/\/ratmed.org\/index.php\/2023\/11\/27\/zakonczyl-sie-i-ogolnopolski-zjazd-organizacji-zrzeszajacych-ratownikow-medycznych\/#breadcrumb"},"inLanguage":"pl-PL","potentialAction":[{"@type":"ReadAction","target":["https:\/\/ratmed.org\/index.php\/2023\/11\/27\/zakonczyl-sie-i-ogolnopolski-zjazd-organizacji-zrzeszajacych-ratownikow-medycznych\/"]}]},{"@type":"ImageObject","inLanguage":"pl-PL","@id":"https:\/\/ratmed.org\/index.php\/2023\/11\/27\/zakonczyl-sie-i-ogolnopolski-zjazd-organizacji-zrzeszajacych-ratownikow-medycznych\/#primaryimage","url":"https:\/\/ratmed.org\/wp-content\/uploads\/2023\/10\/2023-10-09-Baner-z-logiem-i-nazwa-wydarzenia-po-korekcie-z-krzyzem.jpg","contentUrl":"https:\/\/ratmed.org\/wp-content\/uploads\/2023\/10\/2023-10-09-Baner-z-logiem-i-nazwa-wydarzenia-po-korekcie-z-krzyzem.jpg","width":1147,"height":263},{"@type":"BreadcrumbList","@id":"https:\/\/ratmed.org\/index.php\/2023\/11\/27\/zakonczyl-sie-i-ogolnopolski-zjazd-organizacji-zrzeszajacych-ratownikow-medycznych\/#breadcrumb","itemListElement":[{"@type":"ListItem","position":1,"name":"Strona g\u0142\u00f3wna","item":"https:\/\/ratmed.org\/"},{"@type":"ListItem","position":2,"name":"Zako\u0144czy\u0142 si\u0119 I Og\u00f3lnopolski Zjazd Organizacji Zrzeszaj\u0105cych Ratownik\u00f3w Medycznych"}]},{"@type":"WebSite","@id":"https:\/\/ratmed.org\/#website","url":"https:\/\/ratmed.org\/","name":"","description":"Polskie Towarzystwo Ratownik\u00f3w Medycznych","potentialAction":[{"@type":"SearchAction","target":{"@type":"EntryPoint","urlTemplate":"https:\/\/ratmed.org\/?s={search_term_string}"},"query-input":{"@type":"PropertyValueSpecification","valueRequired":true,"valueName":"search_term_string"}}],"inLanguage":"pl-PL"},{"@type":"Person","@id":"https:\/\/ratmed.org\/#\/schema\/person\/2803219621d75b7faebffd3898ea5816","name":"szafir6","image":{"@type":"ImageObject","inLanguage":"pl-PL","@id":"https:\/\/secure.gravatar.com\/avatar\/ba97dfecbcb5570ce62cccf7417ed5b625624478a61981e9c13c85867ff92d83?s=96&d=mm&r=g","url":"https:\/\/secure.gravatar.com\/avatar\/ba97dfecbcb5570ce62cccf7417ed5b625624478a61981e9c13c85867ff92d83?s=96&d=mm&r=g","contentUrl":"https:\/\/secure.gravatar.com\/avatar\/ba97dfecbcb5570ce62cccf7417ed5b625624478a61981e9c13c85867ff92d83?s=96&d=mm&r=g","caption":"szafir6"},"sameAs":["https:\/\/web.facebook.com\/Polskie-Towarzystwo-Ratownikw-Medycznych-128583367841533\/"],"url":"https:\/\/ratmed.org\/index.php\/author\/admin8617\/"}]}},"_links":{"self":[{"href":"https:\/\/ratmed.org\/index.php\/wp-json\/wp\/v2\/posts\/3241","targetHints":{"allow":["GET"]}}],"collection":[{"href":"https:\/\/ratmed.org\/index.php\/wp-json\/wp\/v2\/posts"}],"about":[{"href":"https:\/\/ratmed.org\/index.php\/wp-json\/wp\/v2\/types\/post"}],"author":[{"embeddable":true,"href":"https:\/\/ratmed.org\/index.php\/wp-json\/wp\/v2\/users\/1"}],"replies":[{"embeddable":true,"href":"https:\/\/ratmed.org\/index.php\/wp-json\/wp\/v2\/comments?post=3241"}],"version-history":[{"count":2,"href":"https:\/\/ratmed.org\/index.php\/wp-json\/wp\/v2\/posts\/3241\/revisions"}],"predecessor-version":[{"id":3269,"href":"https:\/\/ratmed.org\/index.php\/wp-json\/wp\/v2\/posts\/3241\/revisions\/3269"}],"wp:attachment":[{"href":"https:\/\/ratmed.org\/index.php\/wp-json\/wp\/v2\/media?parent=3241"}],"wp:term":[{"taxonomy":"category","embeddable":true,"href":"https:\/\/ratmed.org\/index.php\/wp-json\/wp\/v2\/categories?post=3241"},{"taxonomy":"post_tag","embeddable":true,"href":"https:\/\/ratmed.org\/index.php\/wp-json\/wp\/v2\/tags?post=3241"}],"curies":[{"name":"wp","href":"https:\/\/api.w.org\/{rel}","templated":true}]}}